{"id":674,"date":"2012-03-06T20:50:39","date_gmt":"2012-03-06T22:50:39","guid":{"rendered":"http:\/\/www.encontrapraiagrande.com.br\/noticias\/?p=674"},"modified":"2013-08-14T13:05:33","modified_gmt":"2013-08-14T15:05:33","slug":"praia-grande-realiza-a-iv-semana-da-mulher","status":"publish","type":"post","link":"https:\/\/www.encontrapraiagrande.com.br\/noticias\/praia-grande-realiza-a-iv-semana-da-mulher\/","title":{"rendered":"Praia Grande realiza a IV Semana da Mulher"},"content":{"rendered":"<p>Pelo quarto ano consecutivo, a <a href=\"http:\/\/www.encontrapraiagrande.com.br\/praia-grande\/prefeitura-da-praia-grande.shtml\" target=\"_blank\">Prefeitura de Praia Grande<\/a> e a Organiza\u00e7\u00e3o N\u00e3o- Governamental (ONG) Defesa e Cidadania da Mulher (DCM) homenageiam as moradoras da Cidade com a IV Semana da Mulher. A abertura do evento ocorre na quinta-feira (8), data em que se comemora o Dia Internacional da Mulher, com palestra sobre a \u201cViol\u00eancia contra Mulher e a Situa\u00e7\u00e3o Atual da Lei Maria da Penha\u201d, a partir das 19 horas, no Audit\u00f3rio Jornalista Roberto Marinho, que fica na Rua Jos\u00e9 Borges Neto, 50, Bairro Mirim.<\/p>\n<p>Ao todo ser\u00e3o oito atividades realizadas durante a Semana da Mulher. O destaque para a edi\u00e7\u00e3o deste ano fica a cargo da Caminhada no Combate a Viol\u00eancia contra a Mulher, que ocorre ap\u00f3s a missa celebrada na Par\u00f3quia Nossa Senhora das Gra\u00e7as. A a\u00e7\u00e3o est\u00e1 marcada para domingo (11), a partir das 10 horas. A igreja fica na Pra\u00e7a Roberto Andraus, s\/n, Bairro Ocian.<\/p>\n<p>\u201cQueremos a participa\u00e7\u00e3o de todas as praiagrandenses. Essa ser\u00e1 uma forma de homenagear a todas as moradoras de nossa Cidade que, diariamente, luta em busca de conquistar cada vez mais seu espa\u00e7o\u201d, destacou a presidente da ONG DCM, Ana Silvia Passberg Amorim. \u201cPor isso convidamos a todos, sejam do sexo feminino ou masculino, para que participem da caminhada em prol da luta contra a viol\u00eancia sofrida pelas mulheres\u201d.<\/p>\n<p>Confira abaixo a programa\u00e7\u00e3o completa em comemora\u00e7\u00e3o ao Dia Internacional da Mulher:<\/p>\n<p>8 de mar\u00e7o, quinta-feira<br \/>\nAbertura Solene do Evento \u2013 Palestra com a delegada Rosemar Fernandes Cardoso, sobre a \u201cViol\u00eancia contra Mulher e a Situa\u00e7\u00e3o Atual da Lei Maria da Penha\u201d<br \/>\nLocal \u2013 Audit\u00f3rio Jornalista Roberto Marinho (Rua Jos\u00e9 Borges Neto, 50, Bairro Mirim)<br \/>\nHor\u00e1rio \u2013 19 horas<\/p>\n<p>9 de mar\u00e7o, sexta-feira<br \/>\nEvento \u2013 Pe\u00e7a Teatral \u201cAs Maria Genoma\u201d<br \/>\nLocal \u2013 Audit\u00f3rio Jornalista Roberto Marinho (Rua Jos\u00e9 Borges Neto, 50, Bairro Mirim)<br \/>\nHor\u00e1rio \u2013 19 horas<\/p>\n<p>10 de mar\u00e7o, s\u00e1bado<br \/>\nEvento \u2013 Workshop \u201cConsci\u00eancia Ambiental\u201d<br \/>\nLocal \u2013 Conviver Ocian \u2013 Avenida Presidente Castelo Branco, ao lado da est\u00e1tua de Netuno, no Bairro Ocian<br \/>\nHor\u00e1rio \u2013 das 9 \u00e0s 14 horas<\/p>\n<p>11 de mar\u00e7o, domingo<br \/>\nEvento \u2013 Missa e Caminhada no \u201cCombate a Viol\u00eancia Contra a Mulher\u201d<br \/>\nLocal \u2013 Par\u00f3quia Nossa Senhora das Gra\u00e7as (Pra\u00e7a Roberto Andraus, Bairro Ocian)<br \/>\nHor\u00e1rio \u2013 10 horas<\/p>\n<p>12 de mar\u00e7o, segunda-feira<br \/>\nEvento \u2013 Tarde da Beleza e Arte<br \/>\nLocal \u2013 E.M. Maestro Luiz Arruda Paes (Rua Quatro, 921, Bairro Nova Mirim)<br \/>\nHor\u00e1rio \u2013 15 \u00e0s 19 horas<\/p>\n<p>13 de mar\u00e7o, ter\u00e7a-feira<br \/>\nEvento \u2013 Tarde da Beleza e Arte<br \/>\nLocal \u2013 E.M. Natale de Lucca (Rua Ruy Manoel Sampaio Seabra Pereira, 476, Bairro Quietude)<br \/>\nHor\u00e1rio \u2013 15 \u00e0s 19 horas<\/p>\n<p>14 de mar\u00e7o, quarta-feira<br \/>\nEvento \u2013 Palestra \u201cAutoestima e Viol\u00eancia Dom\u00e9stica\u201d, com a psic\u00f3loga Rosa Maria Martucci<br \/>\nLocal \u2013 E.M. Ronaldo Alves Lameira Ramos (Avenida Irm\u00e3os Adorno, s\/n, Bairro S\u00edtio do Campo)<br \/>\nHor\u00e1rio \u2013 15 \u00e0s 19 horas<\/p>\n<p>15 de mar\u00e7o, quinta-feira<br \/>\nEvento \u2013 Tarde da Beleza e Arte<br \/>\nLocal \u2013 E.M. Vila Mirim (Rua 23 de Outubro, 116, Bairro Mirim)<br \/>\nHor\u00e1rio \u2013 15 \u00e0s 18 horas<\/p>\n<p>Curiosidade &#8211; No Dia 8 de mar\u00e7o de 1857, oper\u00e1rias de uma f\u00e1brica de tecidos, situada em Nova Iorque, nos Estados Unidos, fizeram uma grande greve. Ocuparam a f\u00e1brica e come\u00e7aram a reivindicar melhores condi\u00e7\u00f5es de trabalho, tais como, redu\u00e7\u00e3o na carga di\u00e1ria de trabalho para dez horas (elas eram obrigadas a fazer 16 horas por dia), equipara\u00e7\u00e3o de sal\u00e1rios com os homens (as mulheres chegavam a receber at\u00e9 um ter\u00e7o do sal\u00e1rio de um homem, para executar a mesma fun\u00e7\u00e3o) e tratamento digno dentro do ambiente de trabalho.<\/p>\n<p>A manifesta\u00e7\u00e3o foi reprimida com total viol\u00eancia. As mulheres foram trancadas dentro da f\u00e1brica, que foi incendiada. Aproximadamente 130 tecel\u00e3s morreram carbonizadas, num ato desumano. Por\u00e9m, somente no ano de 1910, durante uma confer\u00eancia na Dinamarca, decidiu-se que o 8 de mar\u00e7o passaria a ser o &#8220;Dia Internacional da Mulher&#8221;, em homenagem \u00e0s oper\u00e1rias que morreram na f\u00e1brica em 1857. Mas s\u00f3 em 1975, atrav\u00e9s de um decreto, a data ficou oficializada pela ONU (Organiza\u00e7\u00e3o das Na\u00e7\u00f5es Unidas).<\/p>\n<p><em>Fonte: Prefeitura de Praia Grande<\/em><\/p>\n","protected":false},"excerpt":{"rendered":"<p>Pelo quarto ano consecutivo, a Prefeitura de Praia Grande e a Organiza\u00e7\u00e3o N\u00e3o- Governamental (ONG) Defesa e Cidadania da Mulher (DCM) homenageiam as moradoras da Cidade com a IV Semana da Mulher. A abertura do evento ocorre na quinta-feira (8), data em que se comemora o Dia Internacional da Mulher, com palestra sobre a \u201cViol\u00eancia [&hellip;]<\/p>\n","protected":false},"author":1,"featured_media":0,"comment_status":"open","ping_status":"open","sticky":false,"template":"","format":"standard","meta":{"footnotes":""},"categories":[5],"tags":[14],"class_list":["post-674","post","type-post","status-publish","format-standard","hentry","category-eventos","tag-praia-grande"],"aioseo_notices":[],"_links":{"self":[{"href":"https:\/\/www.encontrapraiagrande.com.br\/noticias\/wp-json\/wp\/v2\/posts\/674","targetHints":{"allow":["GET"]}}],"collection":[{"href":"https:\/\/www.encontrapraiagrande.com.br\/noticias\/wp-json\/wp\/v2\/posts"}],"about":[{"href":"https:\/\/www.encontrapraiagrande.com.br\/noticias\/wp-json\/wp\/v2\/types\/post"}],"author":[{"embeddable":true,"href":"https:\/\/www.encontrapraiagrande.com.br\/noticias\/wp-json\/wp\/v2\/users\/1"}],"replies":[{"embeddable":true,"href":"https:\/\/www.encontrapraiagrande.com.br\/noticias\/wp-json\/wp\/v2\/comments?post=674"}],"version-history":[{"count":2,"href":"https:\/\/www.encontrapraiagrande.com.br\/noticias\/wp-json\/wp\/v2\/posts\/674\/revisions"}],"predecessor-version":[{"id":2189,"href":"https:\/\/www.encontrapraiagrande.com.br\/noticias\/wp-json\/wp\/v2\/posts\/674\/revisions\/2189"}],"wp:attachment":[{"href":"https:\/\/www.encontrapraiagrande.com.br\/noticias\/wp-json\/wp\/v2\/media?parent=674"}],"wp:term":[{"taxonomy":"category","embeddable":true,"href":"https:\/\/www.encontrapraiagrande.com.br\/noticias\/wp-json\/wp\/v2\/categories?post=674"},{"taxonomy":"post_tag","embeddable":true,"href":"https:\/\/www.encontrapraiagrande.com.br\/noticias\/wp-json\/wp\/v2\/tags?post=674"}],"curies":[{"name":"wp","href":"https:\/\/api.w.org\/{rel}","templated":true}]}}