{"id":434,"date":"2011-09-15T18:29:52","date_gmt":"2011-09-15T20:29:52","guid":{"rendered":"http:\/\/www.encontrapraiagrande.com.br\/noticias\/?p=434"},"modified":"2013-08-14T13:05:33","modified_gmt":"2013-08-14T15:05:33","slug":"alunos-deficientes-expoem-sua-arte-em-mostra-de-talentos-em-praia-grande","status":"publish","type":"post","link":"https:\/\/www.encontrapraiagrande.com.br\/noticias\/alunos-deficientes-expoem-sua-arte-em-mostra-de-talentos-em-praia-grande\/","title":{"rendered":"Alunos deficientes exp\u00f5em sua arte em mostra de talentos em Praia Grande"},"content":{"rendered":"<p>Alunos com defici\u00eancias, tanto de escolas especiais como inclusos nas escolas de ensino regular da rede municipal, exibem sua arte para o p\u00fablico nesta sexta-feira (16), a partir das 14 horas, na 4\u00aa Mostra de Talentos. O evento, promovido pela Divis\u00e3o de Educa\u00e7\u00e3o Especial da Secretaria de Educa\u00e7\u00e3o (Seduc), ser\u00e1 realizado no audit\u00f3rio Jornalista Roberto Marinho (Rua Jos\u00e9 Borges Neto n\u00ba 50, Bairro Mirim, guia de Praia Grande).<\/p>\n<p>\u201cOlhos da arte sobre uma janela inclusiva\u201d \u00e9 o tema desta quarta edi\u00e7\u00e3o, que contar\u00e1 com 12 apresenta\u00e7\u00f5es de v\u00e1rias modalidades, como m\u00fasica, bal\u00e9, dan\u00e7a do ventre e capoeira, entre outras. \u201cEsse evento proporciona aos alunos com defici\u00eancia apresentarem seus talentos individualmente ou em conjunto, com seus colegas com ou sem defici\u00eancia. Isso os faz sentirem-se ainda mais valorizados diante de seus professores e familiares\u201d, comenta a chefe da Divis\u00e3o de Educa\u00e7\u00e3o Especial, M\u00e1rcia Duarte.<\/p>\n<p>Atualmente est\u00e3o matriculados na rede municipal cerca de 600 estudantes com defici\u00eancias. Os alunos inclusos no ensino regular s\u00e3o acompanhados pelo Programa de Educa\u00e7\u00e3o Inclusiva, com suporte da Divis\u00e3o de Educa\u00e7\u00e3o Especial. Praia Grande conta ainda com duas escolas de educa\u00e7\u00e3o especial: Anahy Navarro Trov\u00e3o e S\u00e9rgio Vieira de Melo.<\/p>\n<p>Outras informa\u00e7\u00f5es podem ser obtidas pelo telefone 3496-2379.<\/p>\n<p><em>Fonte: Prefeitura de Praia Grande<\/em><\/p>\n","protected":false},"excerpt":{"rendered":"<p>Alunos com defici\u00eancias, tanto de escolas especiais como inclusos nas escolas de ensino regular da rede municipal, exibem sua arte para o p\u00fablico nesta sexta-feira (16), a partir das 14 horas, na 4\u00aa Mostra de Talentos. O evento, promovido pela Divis\u00e3o de Educa\u00e7\u00e3o Especial da Secretaria de Educa\u00e7\u00e3o (Seduc), ser\u00e1 realizado no audit\u00f3rio Jornalista Roberto [&hellip;]<\/p>\n","protected":false},"author":1,"featured_media":0,"comment_status":"open","ping_status":"open","sticky":false,"template":"","format":"standard","meta":{"footnotes":""},"categories":[5],"tags":[14],"class_list":["post-434","post","type-post","status-publish","format-standard","hentry","category-eventos","tag-praia-grande"],"aioseo_notices":[],"_links":{"self":[{"href":"https:\/\/www.encontrapraiagrande.com.br\/noticias\/wp-json\/wp\/v2\/posts\/434","targetHints":{"allow":["GET"]}}],"collection":[{"href":"https:\/\/www.encontrapraiagrande.com.br\/noticias\/wp-json\/wp\/v2\/posts"}],"about":[{"href":"https:\/\/www.encontrapraiagrande.com.br\/noticias\/wp-json\/wp\/v2\/types\/post"}],"author":[{"embeddable":true,"href":"https:\/\/www.encontrapraiagrande.com.br\/noticias\/wp-json\/wp\/v2\/users\/1"}],"replies":[{"embeddable":true,"href":"https:\/\/www.encontrapraiagrande.com.br\/noticias\/wp-json\/wp\/v2\/comments?post=434"}],"version-history":[{"count":3,"href":"https:\/\/www.encontrapraiagrande.com.br\/noticias\/wp-json\/wp\/v2\/posts\/434\/revisions"}],"predecessor-version":[{"id":2182,"href":"https:\/\/www.encontrapraiagrande.com.br\/noticias\/wp-json\/wp\/v2\/posts\/434\/revisions\/2182"}],"wp:attachment":[{"href":"https:\/\/www.encontrapraiagrande.com.br\/noticias\/wp-json\/wp\/v2\/media?parent=434"}],"wp:term":[{"taxonomy":"category","embeddable":true,"href":"https:\/\/www.encontrapraiagrande.com.br\/noticias\/wp-json\/wp\/v2\/categories?post=434"},{"taxonomy":"post_tag","embeddable":true,"href":"https:\/\/www.encontrapraiagrande.com.br\/noticias\/wp-json\/wp\/v2\/tags?post=434"}],"curies":[{"name":"wp","href":"https:\/\/api.w.org\/{rel}","templated":true}]}}