{"id":419,"date":"2011-09-08T16:28:27","date_gmt":"2011-09-08T18:28:27","guid":{"rendered":"http:\/\/www.encontrapraiagrande.com.br\/noticias\/?p=419"},"modified":"2013-08-14T13:05:33","modified_gmt":"2013-08-14T15:05:33","slug":"espaco-flex-de-praia-grande-realiza-roda-de-poesias-sexta-feira","status":"publish","type":"post","link":"https:\/\/www.encontrapraiagrande.com.br\/noticias\/espaco-flex-de-praia-grande-realiza-roda-de-poesias-sexta-feira\/","title":{"rendered":"Espa\u00e7o Flex de Praia Grande realiza Roda de poesias sexta-feira"},"content":{"rendered":"<p>Encontro de poetas e dos apreciadores da boa poesia, a Roda Liter\u00e1ria, um encontro do p\u00fablico com representantes da Casa do Poeta Brasileiro de guia de Praia Grande, ser\u00e1 realizada sexta-feira (9), a partir das 18 horas, no Espa\u00e7o Flex, que fica no Porto do Saber (Bairro Boqueir\u00e3o). A entrada \u00e9 gratuita e a promo\u00e7\u00e3o \u00e9 da Secretaria de Educa\u00e7\u00e3o (Seduc).<\/p>\n<p>O chefe da Divis\u00e3o de Cultura nas Escolas da Seduc, Renato Paes, lembra que o Espa\u00e7o Flex est\u00e1 aberto para artistas e o p\u00fablico em Praia Grande para um evento diferente, sempre \u00e0s sextas-feiras, a partir das 18 horas. \u201cTemos a presen\u00e7a dos poetas conversando com o p\u00fablico, contadores de hist\u00f3rias, encontros de m\u00fasica e exposi\u00e7\u00f5es.Este \u00e9 um espa\u00e7o destinado para a Cultura ser valorizada. E, se voc\u00ea tamb\u00e9m escreve, traga seu texto para a Roda Liter\u00e1ria\u201d, afirma Paes.<\/p>\n<p>Ap\u00f3s a Roda Liter\u00e1ria, haver\u00e1 ainda, \u00e0s 19 horas, o lan\u00e7amento do livro \u201cUm sonho distante\u201d, da autora Suzana Ribeiro. Al\u00e9m, do Espa\u00e7o Flex, o Porto do Saber re\u00fane num s\u00f3 lugar biblioteca com mais de 25 mil livros, espa\u00e7o digital com 20 computadores conectados \u00e0 internet e a escola municipal Porto das Artes para aulas culturais (dan\u00e7a, teatro, m\u00fasica e artes visuais) dos alunos do projeto SuperEscola.<\/p>\n<p>O Porto do Saber fica na Avenida S\u00e3o Paulo, 900, esquina com a Rua Dair Borges, no Bairro Boqueir\u00e3o (ao lado do Hospital Irm\u00e3 Dulce).<\/p>\n<p><em>Fonte: Prefeitura de Praia Grande<\/em><\/p>\n","protected":false},"excerpt":{"rendered":"<p>Encontro de poetas e dos apreciadores da boa poesia, a Roda Liter\u00e1ria, um encontro do p\u00fablico com representantes da Casa do Poeta Brasileiro de guia de Praia Grande, ser\u00e1 realizada sexta-feira (9), a partir das 18 horas, no Espa\u00e7o Flex, que fica no Porto do Saber (Bairro Boqueir\u00e3o). A entrada \u00e9 gratuita e a promo\u00e7\u00e3o [&hellip;]<\/p>\n","protected":false},"author":1,"featured_media":0,"comment_status":"open","ping_status":"open","sticky":false,"template":"","format":"standard","meta":{"footnotes":""},"categories":[5],"tags":[14],"class_list":["post-419","post","type-post","status-publish","format-standard","hentry","category-eventos","tag-praia-grande"],"aioseo_notices":[],"_links":{"self":[{"href":"https:\/\/www.encontrapraiagrande.com.br\/noticias\/wp-json\/wp\/v2\/posts\/419","targetHints":{"allow":["GET"]}}],"collection":[{"href":"https:\/\/www.encontrapraiagrande.com.br\/noticias\/wp-json\/wp\/v2\/posts"}],"about":[{"href":"https:\/\/www.encontrapraiagrande.com.br\/noticias\/wp-json\/wp\/v2\/types\/post"}],"author":[{"embeddable":true,"href":"https:\/\/www.encontrapraiagrande.com.br\/noticias\/wp-json\/wp\/v2\/users\/1"}],"replies":[{"embeddable":true,"href":"https:\/\/www.encontrapraiagrande.com.br\/noticias\/wp-json\/wp\/v2\/comments?post=419"}],"version-history":[{"count":3,"href":"https:\/\/www.encontrapraiagrande.com.br\/noticias\/wp-json\/wp\/v2\/posts\/419\/revisions"}],"predecessor-version":[{"id":2181,"href":"https:\/\/www.encontrapraiagrande.com.br\/noticias\/wp-json\/wp\/v2\/posts\/419\/revisions\/2181"}],"wp:attachment":[{"href":"https:\/\/www.encontrapraiagrande.com.br\/noticias\/wp-json\/wp\/v2\/media?parent=419"}],"wp:term":[{"taxonomy":"category","embeddable":true,"href":"https:\/\/www.encontrapraiagrande.com.br\/noticias\/wp-json\/wp\/v2\/categories?post=419"},{"taxonomy":"post_tag","embeddable":true,"href":"https:\/\/www.encontrapraiagrande.com.br\/noticias\/wp-json\/wp\/v2\/tags?post=419"}],"curies":[{"name":"wp","href":"https:\/\/api.w.org\/{rel}","templated":true}]}}