{"id":37,"date":"2010-12-07T18:46:20","date_gmt":"2010-12-07T20:46:20","guid":{"rendered":"http:\/\/www.encontrapraiagrande.com.br\/noticias\/?p=37"},"modified":"2010-12-07T18:46:20","modified_gmt":"2010-12-07T20:46:20","slug":"festejos-de-iemanja-em-praia-grande-atraem-mais-de-30-mil-visitantes-no-primeiro-final-de-semana-de-atividades","status":"publish","type":"post","link":"https:\/\/www.encontrapraiagrande.com.br\/noticias\/festejos-de-iemanja-em-praia-grande-atraem-mais-de-30-mil-visitantes-no-primeiro-final-de-semana-de-atividades\/","title":{"rendered":"Festejos de Iemanj\u00e1 em Praia Grande atraem mais de 30 mil visitantes no primeiro final de semana de atividades"},"content":{"rendered":"<p>Mais de 30 mil visitantes compareceram ao primeiro per\u00edodo dos festejos de Iemanj\u00e1, realizado neste s\u00e1bado e domingo, em Praia Grande. At\u00e9 o momento, mais de 300 \u00f4nibus j\u00e1 est\u00e3o cadastrados para o segundo final de semana de celebra\u00e7\u00f5es.<\/p>\n<p>\u201cNossa maior expectativa \u00e9 para o pr\u00f3ximo fim de semana, que deve ter um n\u00famero bem maior de entidades e p\u00fablico\u201d, comemora a chefe da Coordenadoria de Eventos da Secretaria de Cultura e Turismo (Sectur) de Praia Grande, Francisco Barbosa.<\/p>\n<p>O munic\u00edpio contar\u00e1 com um efetivo da Pol\u00edcia Militar e Guarda Civil Municipal. Ser\u00e3o disponibilizados 14 chuveiros e 34 de pontos de energia el\u00e9trica ao longo do trecho da orla, cerca de 1,5 Km, onde ocorrer\u00e3o as homenagens.<\/p>\n<p>Durante todo o per\u00edodo de festejos, das 8 horas de s\u00e1bado \u00e0s 19 horas de domingo, a Avenida Presidente Castelo Branco ficar\u00e1 interditada, da altura da Rua Otto Carlos Golanda at\u00e9 a 1\u00ba de Janeiro. A via livre de acesso \u00e0 praia mais pr\u00f3xima \u00e9 a Rua 31 de mar\u00e7o.<\/p>\n<p>Os \u00f4nibus cadastrados desembarcar\u00e3o seus passageiros na avenida e seguir\u00e3o para o estacionamento no Espa\u00e7o Alvorada, Bairro Quietude.<\/p>\n<p>Para garantir estrutura adequada para o evento, a Prefeitura oferece \u00e0s entidades religiosas envolvidas todo o equipamento de sonoriza\u00e7\u00e3o necess\u00e1rio para a abertura oficial dos festejos, que contou com c\u00e2nticos religiosos e oferendas. Um palanque tamb\u00e9m foi montado em frente \u00e0 est\u00e1tua de Iemanj\u00e1 para as apresenta\u00e7\u00f5es necess\u00e1rias.<\/p>\n<p><strong>Inscri\u00e7\u00f5es<\/p>\n<p><\/strong>Entidades religiosas t\u00eam at\u00e9 as 16 horas desta sexta-feira para participar do segundo fim de semana de festejos (dias 11 e 12). Os interessados devem pagar a taxa de R$ 250,00, para \u00f4nibus, e R$ 150,00, para vans, al\u00e9m de R$ 50,00, valor referente ao uso do solo para montagem de tendas. O pagamento deve ser feito via boleto banc\u00e1rio, gerado ap\u00f3s a entidade efetuar seu cadastro junto \u00e0 Coordenadoria de Eventos da Sectur.<\/p>\n<p>Com o boleto quitado em m\u00e3os e munido de documento original da entidade que representa, o interessado deve se dirigir \u00e0 Sectur para retirar a autoriza\u00e7\u00e3o, de segunda a sexta-feira, das 9 \u00e0s 16 horas, at\u00e9 o \u00faltimo dia \u00fatil antes da data escolhida para o grupo vir \u00e0 Cidade.<\/p>\n<p>A Sectur funciona na \u00e1rea administrativa do Pal\u00e1cio das Artes, na Avenida Presidente Costa e Silva, 1.600, Bairro Boqueir\u00e3o (em frente \u00e0 Rotat\u00f3ria A Tribuna). Outras informa\u00e7\u00f5es podem ser obtidas na Coordenadoria de Eventos, telefone 3496-5716.<\/p>\n<p><em>Fonte: A Tribuna<\/em><\/p>\n","protected":false},"excerpt":{"rendered":"<p>Mais de 30 mil visitantes compareceram ao primeiro per\u00edodo dos festejos de Iemanj\u00e1, realizado neste s\u00e1bado e domingo, em Praia Grande. At\u00e9 o momento, mais de 300 \u00f4nibus j\u00e1 est\u00e3o cadastrados para o segundo final de semana de celebra\u00e7\u00f5es. \u201cNossa maior expectativa \u00e9 para o pr\u00f3ximo fim de semana, que deve ter um n\u00famero bem [&hellip;]<\/p>\n","protected":false},"author":1,"featured_media":0,"comment_status":"open","ping_status":"open","sticky":false,"template":"","format":"standard","meta":{"footnotes":""},"categories":[5],"tags":[14],"class_list":["post-37","post","type-post","status-publish","format-standard","hentry","category-eventos","tag-praia-grande"],"aioseo_notices":[],"_links":{"self":[{"href":"https:\/\/www.encontrapraiagrande.com.br\/noticias\/wp-json\/wp\/v2\/posts\/37","targetHints":{"allow":["GET"]}}],"collection":[{"href":"https:\/\/www.encontrapraiagrande.com.br\/noticias\/wp-json\/wp\/v2\/posts"}],"about":[{"href":"https:\/\/www.encontrapraiagrande.com.br\/noticias\/wp-json\/wp\/v2\/types\/post"}],"author":[{"embeddable":true,"href":"https:\/\/www.encontrapraiagrande.com.br\/noticias\/wp-json\/wp\/v2\/users\/1"}],"replies":[{"embeddable":true,"href":"https:\/\/www.encontrapraiagrande.com.br\/noticias\/wp-json\/wp\/v2\/comments?post=37"}],"version-history":[{"count":1,"href":"https:\/\/www.encontrapraiagrande.com.br\/noticias\/wp-json\/wp\/v2\/posts\/37\/revisions"}],"predecessor-version":[{"id":38,"href":"https:\/\/www.encontrapraiagrande.com.br\/noticias\/wp-json\/wp\/v2\/posts\/37\/revisions\/38"}],"wp:attachment":[{"href":"https:\/\/www.encontrapraiagrande.com.br\/noticias\/wp-json\/wp\/v2\/media?parent=37"}],"wp:term":[{"taxonomy":"category","embeddable":true,"href":"https:\/\/www.encontrapraiagrande.com.br\/noticias\/wp-json\/wp\/v2\/categories?post=37"},{"taxonomy":"post_tag","embeddable":true,"href":"https:\/\/www.encontrapraiagrande.com.br\/noticias\/wp-json\/wp\/v2\/tags?post=37"}],"curies":[{"name":"wp","href":"https:\/\/api.w.org\/{rel}","templated":true}]}}