{"id":34,"date":"2010-12-07T18:44:20","date_gmt":"2010-12-07T20:44:20","guid":{"rendered":"http:\/\/www.encontrapraiagrande.com.br\/noticias\/?p=34"},"modified":"2010-12-07T18:44:20","modified_gmt":"2010-12-07T20:44:20","slug":"papai-noel-chega-a-praia-grande-neste-final-de-semana","status":"publish","type":"post","link":"https:\/\/www.encontrapraiagrande.com.br\/noticias\/papai-noel-chega-a-praia-grande-neste-final-de-semana\/","title":{"rendered":"Papai Noel chega a Praia Grande neste final de semana"},"content":{"rendered":"<p>Papai Noel chega neste s\u00e1bado em Praia Grande. O bom velhinho estar\u00e1 presente na Cidade a partir das 19h30, no show da Caravana de Noel, que leva \u00e0 Avenida Presidente Costa e Silva, no Boqueir\u00e3o, uma orquestra com 120 m\u00fasicos e coralistas, al\u00e9m de 80 crian\u00e7as dan\u00e7arinas. A apresenta\u00e7\u00e3o \u00e9 gratuita.<\/p>\n<p>Acompanhado por batedores do Moto Clube Renegados, o bom velhinho sai da C\u00e2mara Municipal \u00e0s 19h30, seguindo pela Avenida Brasil at\u00e9 a Avenida Presidente Costa e Silva, onde estar\u00e1 instalado um palco para as primeiras apresenta\u00e7\u00f5es de sua Caravana. Ser\u00e3o duas horas de show, com m\u00fasicas natalinas executadas ao vivo por violinos, violas, violoncelos e outros instrumentos de orquestra, al\u00e9m de um coral. Outras 80 crian\u00e7as participantes das unidades do Projeto de Integra\u00e7\u00e3o e Cidadania (PIC) cantam e dan\u00e7am para saudar a chegada do Natal no Munic\u00edpio.<\/p>\n<p><strong>Ocian<br \/>\n<\/strong><br \/>\nNo dia 10 de dezembro, a Caravana de Noel desembarca no Bairro Ocian, na Avenida D. Pedro II, para mais um grande show de sauda\u00e7\u00e3o ao Natal. No dia 11, a Caravana encerra suas apresenta\u00e7\u00f5es no Bairro Cai\u00e7ara.<\/p>\n<p>Al\u00e9m das apresenta\u00e7\u00f5es de Noel pelos bairros de Praia Grande, a Sectur preparou uma agenda extensa de atividades. Al\u00e9m do tradicional \u201cNatal Encantado\u201d, que reunir\u00e1 280 coralistas nas sacadas do Pal\u00e1cio das Artes, o m\u00eas de dezembro traz ainda o auto natalino \u201cAlegria de Nossa Senhora\u201d, representado por oito alunos de 4 a 12 anos, das oficinas culturais da Sectur. O mesmo grupo abre a exposi\u00e7\u00e3o \u201c41 passos para a luz\u201d, da artista pl\u00e1stica Elka Kalibatas. Outra novidade \u00e9 a II Feira de Artes e Artesanato de Praia Grande, sucesso de p\u00fablico em sua primeira edi\u00e7\u00e3o.<\/p>\n<p><strong>Confira a agenda completa:<br \/>\n<\/strong><br \/>\nDia 4 de dezembro: Chegada oficial do Papai Noel<br \/>\nHor\u00e1rio: 19h30<br \/>\nLocal: Avenida Presidente Costa e Silva \u2013 Boqueir\u00e3o<\/p>\n<p>Dia 9 de dezembro: Inaugura\u00e7\u00e3o da decora\u00e7\u00e3o \u201cNatal de Luzes\u201d<br \/>\nLocal: Sagu\u00e3o t\u00e9rreo \u2013 Pal\u00e1cio das Artes<br \/>\nHor\u00e1rio: 19 horas<\/p>\n<p>\u201c41 Passos Para a Luz\u201d<br \/>\nA mostra retrata em 41 pain\u00e9is de 60&#215;80 cm, a passagem de Jesus sobre a terra. Em tinta acr\u00edlica, no estilo Modernista, Elza sensibiliza pela estiliza\u00e7\u00e3o da forma, e harmonia das cores, a espiritualidade, o envolvimento de todas as fases vividas por Jesus, desde a anuncia\u00e7\u00e3o ate a ascens\u00e3o.<\/p>\n<p>Dia 10 de dezembro: Caravana de Noel no bairro Ocian<br \/>\nLocal: Avenida Dom Pedro \u2013 Ocian \u2013 pr\u00f3ximo \u00e0 feirinha<br \/>\nHor\u00e1rio: 19h30<\/p>\n<p>Dia 11 de dezembro: Caravana de Noel no bairro Cai\u00e7ara<br \/>\nLocal: Avenida Nossa Senhora de F\u00e1tima<br \/>\nHor\u00e1rio: 19h30<\/p>\n<p>Dias 17 e 18 de dezembro \u2013 Natal Encantado<br \/>\nLocal: Pal\u00e1cio das Artes &#8211; externo<br \/>\nHor\u00e1rio: 20 horas<\/p>\n<p><em>Fonte: A Tribuna<\/em><\/p>\n","protected":false},"excerpt":{"rendered":"<p>Papai Noel chega neste s\u00e1bado em Praia Grande. O bom velhinho estar\u00e1 presente na Cidade a partir das 19h30, no show da Caravana de Noel, que leva \u00e0 Avenida Presidente Costa e Silva, no Boqueir\u00e3o, uma orquestra com 120 m\u00fasicos e coralistas, al\u00e9m de 80 crian\u00e7as dan\u00e7arinas. A apresenta\u00e7\u00e3o \u00e9 gratuita. Acompanhado por batedores do [&hellip;]<\/p>\n","protected":false},"author":1,"featured_media":0,"comment_status":"open","ping_status":"open","sticky":false,"template":"","format":"standard","meta":{"footnotes":""},"categories":[5],"tags":[14],"class_list":["post-34","post","type-post","status-publish","format-standard","hentry","category-eventos","tag-praia-grande"],"aioseo_notices":[],"_links":{"self":[{"href":"https:\/\/www.encontrapraiagrande.com.br\/noticias\/wp-json\/wp\/v2\/posts\/34","targetHints":{"allow":["GET"]}}],"collection":[{"href":"https:\/\/www.encontrapraiagrande.com.br\/noticias\/wp-json\/wp\/v2\/posts"}],"about":[{"href":"https:\/\/www.encontrapraiagrande.com.br\/noticias\/wp-json\/wp\/v2\/types\/post"}],"author":[{"embeddable":true,"href":"https:\/\/www.encontrapraiagrande.com.br\/noticias\/wp-json\/wp\/v2\/users\/1"}],"replies":[{"embeddable":true,"href":"https:\/\/www.encontrapraiagrande.com.br\/noticias\/wp-json\/wp\/v2\/comments?post=34"}],"version-history":[{"count":2,"href":"https:\/\/www.encontrapraiagrande.com.br\/noticias\/wp-json\/wp\/v2\/posts\/34\/revisions"}],"predecessor-version":[{"id":36,"href":"https:\/\/www.encontrapraiagrande.com.br\/noticias\/wp-json\/wp\/v2\/posts\/34\/revisions\/36"}],"wp:attachment":[{"href":"https:\/\/www.encontrapraiagrande.com.br\/noticias\/wp-json\/wp\/v2\/media?parent=34"}],"wp:term":[{"taxonomy":"category","embeddable":true,"href":"https:\/\/www.encontrapraiagrande.com.br\/noticias\/wp-json\/wp\/v2\/categories?post=34"},{"taxonomy":"post_tag","embeddable":true,"href":"https:\/\/www.encontrapraiagrande.com.br\/noticias\/wp-json\/wp\/v2\/tags?post=34"}],"curies":[{"name":"wp","href":"https:\/\/api.w.org\/{rel}","templated":true}]}}