{"id":2886,"date":"2014-01-17T01:58:32","date_gmt":"2014-01-17T03:58:32","guid":{"rendered":"http:\/\/www.encontrapraiagrande.com.br\/noticias\/?p=2886"},"modified":"2014-01-17T09:02:03","modified_gmt":"2014-01-17T11:02:03","slug":"praia-grande-festeja-47-anos-de-emancipacao-com-extensa-programacao-confira","status":"publish","type":"post","link":"https:\/\/www.encontrapraiagrande.com.br\/noticias\/praia-grande-festeja-47-anos-de-emancipacao-com-extensa-programacao-confira\/","title":{"rendered":"Praia Grande festeja 47 anos de emancipa\u00e7\u00e3o com extensa programa\u00e7\u00e3o; confira"},"content":{"rendered":"<p>Embora fa\u00e7a anivers\u00e1rio s\u00f3 no dia 19, Praia Grande j\u00e1 iniciou nesta semana os festejos de seus 47 anos de emancipa\u00e7\u00e3o pol\u00edtico-administrativa. Um dos pontos altos da programa\u00e7\u00e3o ser\u00e1 na v\u00e9spera, com a 17\u00aa Regata Festiva, \u00e0s 11h, na \u00e1rea de Lazer \u00c9zio JDall\u2019Acqua, conhecida como Portinho. O evento reunir\u00e1 velejadores da regi\u00e3o e contar\u00e1 com a participa\u00e7\u00e3o do 13\u00ba Grupo de Escoteiros do Mar Almirante Barroso de Santos. J\u00e1 no dia 19, \u00e0s 8h, haver\u00e1 uma solenidade c\u00edvica.<\/p>\n<p>Mas as melhores op\u00e7\u00f5es de lazer ficam por conta do projeto Esta\u00e7\u00e3o Ver\u00e3o, que oferece uma extensa programa\u00e7\u00e3o musical, at\u00e9 o dia 2, em seis tendas instaladas nas areias das praias dos bairros Boqueir\u00e3o, Avia\u00e7\u00e3o, Tupi, Ocian, Cai\u00e7ara e Fl\u00f3rida. Entre as atra\u00e7\u00f5es gratuitas dos pr\u00f3ximos dias est\u00e3o bandas de pop, rock e MPB.<\/p>\n<p>As tendas funcionam de quarta a segunda-feira, sempre das 9h \u00e0s 23h. No per\u00edodo diurno, turistas e moradores podem se divertir em equipamentos como parede de escalada, slackline, biblioteca, oficinas art\u00edsticas, palestras ecol\u00f3gicas, jogos de mesa e de tabuleiro, oficinas circenses, atividades esportivas e servi\u00e7os de Sa\u00fade. J\u00e1 as noites ser\u00e3o embaladas por apresenta\u00e7\u00f5es musicais.<\/p>\n<p>Cada tenda possui um tema. A do bairro Fl\u00f3rida, por exemplo, \u00e9 dedicada \u00e0 pr\u00e1tica de esportes, com aulas gratuitas de ioga, capoeira, zumba, gin\u00e1stica, v\u00f4lei adaptado, futebol, futev\u00f4lei, frescobol e at\u00e9 r\u00fagbi.<\/p>\n<p>A Esta\u00e7\u00e3o Alegria, no bairro Cai\u00e7ara, por sua vez, ter\u00e1 oficinas circenses para adultos e crian\u00e7as durante o dia e espet\u00e1culos \u00e0 noite.<br \/>\nNo Bairro Ocian, o tema gira em torno de jogos (xadrez, gam\u00e3o, dama, pingue-pongue, cartas, domin\u00f3, taco e peteca), mas tamb\u00e9m \u00e9 poss\u00edvel participar de aulas de consci\u00eancia corporal, gin\u00e1sticas aer\u00f3bica e de ritmos diversos.<\/p>\n<p>Quem prefere doses extras de adrenalina deve se dirigir \u00e0 tenda Radical, na <a title=\"Praia do Boqueir\u00e3o\" href=\"http:\/\/www.encontrapraiagrande.com.br\/praia-grande\/praia-do-boqueirao-na-praia-grande.shtml\" target=\"_blank\">Praia do Boqueir\u00e3o<\/a>, que oferece parede de escalada, miniramp, slackline e futebol de sab\u00e3o, de quarta a segunda, das 10h \u00e0s 18h30.<\/p>\n<p>Na Esta\u00e7\u00e3o Ecologia, no bairro Tupi, d\u00e1 para praticar aer\u00f3bica, dan\u00e7a cigana e slackline. O destaque, no entanto, fica a cargo das oficinas com materiais recicl\u00e1veis, pintura de pneus e maculel\u00ea.<\/p>\n<p>E a tenda Cultural, no Avia\u00e7\u00e3o, disp\u00f5e de loungepara leitura, oficinas de arte, atividades l\u00fadicas e esportivas das 9h \u00e0s 18h.<\/p>\n<p><strong>NOITE<\/strong><br \/>\nAs tendas Radical, Cultura, Jogos e Esportes recebem atra\u00e7\u00f5es musicais \u00e0 noite, com artistas da cidade e regi\u00e3o. As apresenta\u00e7\u00f5es, no estilo happy hour, ser\u00e3o realizadas \u00e0s segundas, quartas e quintas-feiras, das 19h \u00e0s 22h. E \u00e0s sextas-feiras, s\u00e1bados e domingos, os artistas realizam bailes dan\u00e7antes das 20h \u00e0s 23h.<\/p>\n<p>J\u00e1 as tendas Ecol\u00f3gica e Alegria contam com atra\u00e7\u00f5es diversificadas no hor\u00e1rio noturno, com luaus de m\u00fasica praiana no bairro Tupi a partir das 19h e apresenta\u00e7\u00f5es circenses no Cai\u00e7ara \u00e0s 18h e \u00e0s 20h.<\/p>\n<p><strong>ATRA\u00c7\u00d5ES \u00c0 PARTE<\/strong><br \/>\nAl\u00e9m do projeto Esta\u00e7\u00e3o Ver\u00e3o, alguns eventos prometem incrementar a agenda de eventos em Praia Grande. Um deles \u00e9 o espet\u00e1culo de dan\u00e7a La Bayad\u00e8re,que ser\u00e1 apresentado nos dias 23 e 24, no Pal\u00e1cio das Artes (Avenida Presidente Costa e Silva, 1.600, bairro Boqueir\u00e3o), \u00e0s 21h, com performances de bal\u00e9 cl\u00e1ssico, pas de deux,pontas e t\u00e9cnica masculina. Os ingressos custam R$ 40 e j\u00e1 est\u00e3o \u00e0 venda na bilheteria do local, sendo que idosos e estudantes t\u00eam 50% de desconto. Mais informa\u00e7\u00f5es pelo telefone (0xx13) 3496-5715 ou no site especialacademia.com.br.<\/p>\n<p>Outra atra\u00e7\u00e3o que merece visita ao mesmo endere\u00e7o do Boqueir\u00e3o \u00e9 a exposi\u00e7\u00e3o Hist\u00f3rias, Lendas e Naufr\u00e1gios da Ilhabela, que permanecer\u00e1 at\u00e9 o dia 5 de mar\u00e7o na Galeria Nilton Zanotti, pertencente ao Complexo Cultural Pal\u00e1cio das Artes. Uma boneca do in\u00edcio do s\u00e9culo 20, um punhal do s\u00e9culo 17 e raras pe\u00e7as de porcelana recolhidas de embarca\u00e7\u00f5es antigas naufragadas no Brasil est\u00e3o entre os itens expostos na mostra.<br \/>\nDe acordo com a muse\u00f3loga e curadora do acervo, Dina Jobst, a exposi\u00e7\u00e3o \u00e9 itinerante e, al\u00e9m de Praia Grande, tamb\u00e9m est\u00e1 sendo realizada em Cananeia. \u201cA ideia \u00e9 que futuramente se exponha em munic\u00edpios do Interior.\u201d<\/p>\n<p>A exposi\u00e7\u00e3o pode ser visitada de ter\u00e7a-feira a s\u00e1bado, das 14h \u00e0s 18h. Informa\u00e7\u00f5es: (0xx13) 3496-5713 ou sisemsp.org.br.<\/p>\n","protected":false},"excerpt":{"rendered":"<p>Embora fa\u00e7a anivers\u00e1rio s\u00f3 no dia 19, Praia Grande j\u00e1 iniciou nesta semana os festejos de seus 47 anos de emancipa\u00e7\u00e3o pol\u00edtico-administrativa. Um dos pontos altos da programa\u00e7\u00e3o ser\u00e1 na v\u00e9spera, com a 17\u00aa Regata Festiva, \u00e0s 11h, na \u00e1rea de Lazer \u00c9zio JDall\u2019Acqua, conhecida como Portinho. O evento reunir\u00e1 velejadores da regi\u00e3o e contar\u00e1 [&hellip;]<\/p>\n","protected":false},"author":1,"featured_media":0,"comment_status":"open","ping_status":"open","sticky":false,"template":"","format":"standard","meta":{"footnotes":""},"categories":[6],"tags":[],"class_list":["post-2886","post","type-post","status-publish","format-standard","hentry","category-noticias"],"aioseo_notices":[],"_links":{"self":[{"href":"https:\/\/www.encontrapraiagrande.com.br\/noticias\/wp-json\/wp\/v2\/posts\/2886","targetHints":{"allow":["GET"]}}],"collection":[{"href":"https:\/\/www.encontrapraiagrande.com.br\/noticias\/wp-json\/wp\/v2\/posts"}],"about":[{"href":"https:\/\/www.encontrapraiagrande.com.br\/noticias\/wp-json\/wp\/v2\/types\/post"}],"author":[{"embeddable":true,"href":"https:\/\/www.encontrapraiagrande.com.br\/noticias\/wp-json\/wp\/v2\/users\/1"}],"replies":[{"embeddable":true,"href":"https:\/\/www.encontrapraiagrande.com.br\/noticias\/wp-json\/wp\/v2\/comments?post=2886"}],"version-history":[{"count":4,"href":"https:\/\/www.encontrapraiagrande.com.br\/noticias\/wp-json\/wp\/v2\/posts\/2886\/revisions"}],"predecessor-version":[{"id":2890,"href":"https:\/\/www.encontrapraiagrande.com.br\/noticias\/wp-json\/wp\/v2\/posts\/2886\/revisions\/2890"}],"wp:attachment":[{"href":"https:\/\/www.encontrapraiagrande.com.br\/noticias\/wp-json\/wp\/v2\/media?parent=2886"}],"wp:term":[{"taxonomy":"category","embeddable":true,"href":"https:\/\/www.encontrapraiagrande.com.br\/noticias\/wp-json\/wp\/v2\/categories?post=2886"},{"taxonomy":"post_tag","embeddable":true,"href":"https:\/\/www.encontrapraiagrande.com.br\/noticias\/wp-json\/wp\/v2\/tags?post=2886"}],"curies":[{"name":"wp","href":"https:\/\/api.w.org\/{rel}","templated":true}]}}