{"id":257,"date":"2011-06-09T18:19:26","date_gmt":"2011-06-09T20:19:26","guid":{"rendered":"http:\/\/www.encontrapraiagrande.com.br\/noticias\/?p=257"},"modified":"2013-08-14T13:05:13","modified_gmt":"2013-08-14T15:05:13","slug":"praia-grande-arraial-do-portinho-tem-extensa-programacao","status":"publish","type":"post","link":"https:\/\/www.encontrapraiagrande.com.br\/noticias\/praia-grande-arraial-do-portinho-tem-extensa-programacao\/","title":{"rendered":"Praia Grande: Arraial do Portinho tem extensa programa\u00e7\u00e3o"},"content":{"rendered":"<p>Ap\u00f3s o sucesso de seu primeiro fim-de-semana de programa\u00e7\u00e3o, quando mais de sete mil pessoas passaram pelo Arraial do Portinho durante tr\u00eas dias de evento, superando a expectativa de p\u00fablico, a Sectur inicia os preparativos para mais um fim-de-semana que promete agitar a cidade Praia Grande. A partir desta sexta-feira (10), a \u00c1rea de Lazer \u00c9zio Dall\u2019acqua, mais conhecida como Portinho, abre suas portas para receber as mais de duas mil pessoas que devem passar diariamente pela festa junina municipal. Na programa\u00e7\u00e3o, bandas de forr\u00f3, pop rock e sertanejo cvomandam a festa, que ainda conta com comidas, bebidas e brincadeiras t\u00edpicas, sempre \u00e0s sextas-feiras e s\u00e1bados, das 19 \u00e0 meia-noite e domingos, das 18 \u00e0s 22 horas. A entrada \u00e9 gratuita.<\/p>\n<p>\u201cEstamos extremamente felizes com o resultado dos primeiros dias de evento\u201d, comemora o secret\u00e1rio de Cultura e Turismo de Praia Grande, Carlos Ananias Lob\u00e3o. \u201cA popula\u00e7\u00e3o compareceu, superando nossas expectativas de p\u00fablico. No \u00faltimo s\u00e1bado, dia 4, chegamos a receber mais de 4 mil pessoas, o dobro esperado. Mesmo assim, n\u00e3o registramos sequer uma ocorr\u00eancia, tudo fluiu em clima de alegria e paz\u201d, finaliza. O sucesso de p\u00fablico do Arraial do Portinho tamb\u00e9m \u00e9 confirmado pelas institui\u00e7\u00f5es sociais de Praia Grande que mant\u00e9m tendas para a comercializa\u00e7\u00e3o de alimentos e bebidas t\u00edpicas no local.<\/p>\n<p>Para o volunt\u00e1rio Aparecido Vieira, da Casa de Caridade M\u00e3e Isabel e Pai Ant\u00f4nio, a renda arrecadada durante o Arraial do Portinho deve beneficiar muitos. \u201cHoje temos uma expectativa pelo menos tr\u00eas vezes maior do que t\u00ednhamos antes do primeiro dia do evento.<br \/>\nAcredito que o dinheiro arrecadado durante todo o per\u00edodo de festas deve cobrir as despesas de nossa institui\u00e7\u00e3o por pelo menos tr\u00eas meses\u201d, comemora.<\/p>\n<p>Projetado em ambiente coberto, com estacionamento e banheiros qu\u00edmicos, o Arraial do Portinho conta com pra\u00e7a de alimenta\u00e7\u00e3o, onde 20 institui\u00e7\u00f5es sociais do Munic\u00edpio comercializam comidas e bebidas t\u00edpicas da festa. M\u00fasica ao vivo e barracas com brincadeiras juninas, como pescaria e tiro ao alvo tamb\u00e9m s\u00e3o atra\u00e7\u00f5es. Privilegiando bandas e artistas locais, a programa\u00e7\u00e3o do Arraial do Portinho conta com m\u00e9dia de tr\u00eas apresenta\u00e7\u00f5es por noite, entre m\u00fasica, teatro e performances, tendo como cen\u00e1rio a bela paisagem da \u00c1rea de Lazer \u00c9zio Dall\u2019Acqua, conhecida popularmente como Portinho. Situado \u00e0s margens do Mar Pequeno, o acesso ao Portinho se d\u00e1 pela entrada de Praia Grande, \u00e0 direita do Portal da Cidade.<\/p>\n<p>Decora\u00e7\u00e3o \u2013 Idealizada pelo artista pl\u00e1stico Jo\u00e3o Louren\u00e7o de Rezende, que j\u00e1 atuou como aderecista da escola de samba paulistana Vai-Vai, a decora\u00e7\u00e3o do Arraial do Portinho remete \u00e0 tradi\u00e7\u00e3o religiosa do interior do Pa\u00eds, onde os santos s\u00e3o homenageados com estandartes, que enfeitam as ruas e janelas das casas. Usando materiais recicl\u00e1veis e customizados, e contando com a ajuda de volunt\u00e1rios, o artista produziu 11 estandartes que reverenciam os santos m\u00eas: Santo Antonio, S\u00e3o Jo\u00e3o e S\u00e3o Pedro. As tradicionais bandeiras e bal\u00f5es tamb\u00e9m estar\u00e3o presentes, al\u00e9m de 18 lanternas tem\u00e1ticas, produzidas em tecido. Os visitantes tamb\u00e9m ganharam um espa\u00e7o especialmente dedicado a que possam levar lembran\u00e7as da festa: tr\u00eas instala\u00e7\u00f5es c\u00eanicas est\u00e3o \u00e0 disposi\u00e7\u00e3o dos que quiserem fotografar ao lado de amigos e parentes: uma remetendo \u00e0 tradicional cadeia das festas juninas, outra a uma casa caipira e uma treceira representando a famosa barraca de beijos.<\/p>\n<p>Confira a programa\u00e7\u00e3o musical do Arraial do Portinho:<\/p>\n<p>Dia 10 de junho<br \/>\n19hs \u2013 20hs M\u00fasica Eletr\u00f4nica\/Atividades<br \/>\n20hs \u2013 21h30 Forr\u00f3 Da Terra<br \/>\n21h45 \u2013 24hs Lob\u00e3o Quartet<\/p>\n<p>Dia 11 de junho<br \/>\n220hs \u2013 21hs Andrea Monthero<br \/>\n21h15 \u2013 22h15 Roberto &amp; Ariel<br \/>\n22h30 \u2013 24hs Andrea Monthero<\/p>\n<p>Dia 12 de junho<br \/>\n18hs \u2013 20hs Banda Magusta<br \/>\n20hs \u2013 22hs Macaco Prego<\/p>\n<p>Dia 17 de junho<br \/>\n19hs \u2013 21hs Zago Band<br \/>\n21h15 \u2013 22h15 Danilo &amp; Diego<br \/>\n23hs \u2013 24hs Zago Band<\/p>\n<p>Dia 18 de junho<br \/>\n20hs \u2013 22hs Cia Aroeira C.Carneiro<br \/>\n22h30 \u2013 24hs Nayat Jordan &amp; Banda<\/p>\n<p>Dia 19 de junho<br \/>\n18hs \u2013 19hs M\u00fasica Eletr\u00f4nica<br \/>\n19hs \u2013 22hs Edinho Show &amp;Cap.Limao<\/p>\n<p>Dia 23 de junho<br \/>\n19hs \u2013 20hs Musica Eletronica\/Atividades<br \/>\n20h30 \u2013 24hs Giovanni Music Band<\/p>\n<p>Dia 24 de junho<br \/>\n19hs \u2013 20hs Quadrilha Pics -Sepros<br \/>\n20hs \u2013 21h30 Forr\u00f3 De Xote<br \/>\n22hs \u2013 23hs Bruno C\u00e9sar<br \/>\n23hs \u2013 24hs Forr\u00f3 De Xote<\/p>\n<p>Dia 25 de junho<br \/>\n19hs \u2013 22hs Passagem da Prociss\u00e3o de S\u00e3o.Pedro<br \/>\n22hs \u2013 23hs M\u00fasica Eletr\u00f4nica<br \/>\n23hs \u2013 24hs Marco Paulo &amp; Mathias<\/p>\n<p><em>Fonte: Prefeitura de Praia Grande<\/em><\/p>\n","protected":false},"excerpt":{"rendered":"<p>Ap\u00f3s o sucesso de seu primeiro fim-de-semana de programa\u00e7\u00e3o, quando mais de sete mil pessoas passaram pelo Arraial do Portinho durante tr\u00eas dias de evento, superando a expectativa de p\u00fablico, a Sectur inicia os preparativos para mais um fim-de-semana que promete agitar a cidade Praia Grande. A partir desta sexta-feira (10), a \u00c1rea de Lazer [&hellip;]<\/p>\n","protected":false},"author":1,"featured_media":0,"comment_status":"open","ping_status":"open","sticky":false,"template":"","format":"standard","meta":{"footnotes":""},"categories":[5],"tags":[14],"class_list":["post-257","post","type-post","status-publish","format-standard","hentry","category-eventos","tag-praia-grande"],"aioseo_notices":[],"_links":{"self":[{"href":"https:\/\/www.encontrapraiagrande.com.br\/noticias\/wp-json\/wp\/v2\/posts\/257","targetHints":{"allow":["GET"]}}],"collection":[{"href":"https:\/\/www.encontrapraiagrande.com.br\/noticias\/wp-json\/wp\/v2\/posts"}],"about":[{"href":"https:\/\/www.encontrapraiagrande.com.br\/noticias\/wp-json\/wp\/v2\/types\/post"}],"author":[{"embeddable":true,"href":"https:\/\/www.encontrapraiagrande.com.br\/noticias\/wp-json\/wp\/v2\/users\/1"}],"replies":[{"embeddable":true,"href":"https:\/\/www.encontrapraiagrande.com.br\/noticias\/wp-json\/wp\/v2\/comments?post=257"}],"version-history":[{"count":2,"href":"https:\/\/www.encontrapraiagrande.com.br\/noticias\/wp-json\/wp\/v2\/posts\/257\/revisions"}],"predecessor-version":[{"id":1925,"href":"https:\/\/www.encontrapraiagrande.com.br\/noticias\/wp-json\/wp\/v2\/posts\/257\/revisions\/1925"}],"wp:attachment":[{"href":"https:\/\/www.encontrapraiagrande.com.br\/noticias\/wp-json\/wp\/v2\/media?parent=257"}],"wp:term":[{"taxonomy":"category","embeddable":true,"href":"https:\/\/www.encontrapraiagrande.com.br\/noticias\/wp-json\/wp\/v2\/categories?post=257"},{"taxonomy":"post_tag","embeddable":true,"href":"https:\/\/www.encontrapraiagrande.com.br\/noticias\/wp-json\/wp\/v2\/tags?post=257"}],"curies":[{"name":"wp","href":"https:\/\/api.w.org\/{rel}","templated":true}]}}