{"id":249,"date":"2011-06-02T17:39:08","date_gmt":"2011-06-02T19:39:08","guid":{"rendered":"http:\/\/www.encontrapraiagrande.com.br\/noticias\/?p=249"},"modified":"2013-08-14T13:05:12","modified_gmt":"2013-08-14T15:05:12","slug":"indios-abrem-semana-do-meio-ambiente-em-praia-grande","status":"publish","type":"post","link":"https:\/\/www.encontrapraiagrande.com.br\/noticias\/indios-abrem-semana-do-meio-ambiente-em-praia-grande\/","title":{"rendered":"\u00cdndios abrem Semana do Meio Ambiente em Praia Grande"},"content":{"rendered":"<p>As comemora\u00e7\u00f5es pela Semana do Meio Ambiente ter\u00e3o in\u00edcio na segunda-feira (6) em Guia da cidade Praia Grande, com a presen\u00e7a de \u00edndios da aldeia Pia\u00e7aguera (Peru\u00edbe). A abertura ser\u00e1 realizada a partir das 19 horas, no Audit\u00f3rio Jornalista Roberto Marinho, no Bairro Mirim. A entrada \u00e9 gratuita e aberta ao p\u00fablico. O evento \u00e9 promovido pela Secretaria de Educa\u00e7\u00e3o (Seduc), por meio da Coordenadoria de Educa\u00e7\u00e3o Ambiental.<\/p>\n<p>Ap\u00f3s a abertura, os \u00edndios far\u00e3o uma coreografia de dan\u00e7a e canto, seguida de uma apresenta\u00e7\u00e3o por parte dos representantes do Parque Estadual Xixov\u00e1-Japu\u00ed sobre o plano de manejo do local.<\/p>\n<p>Haver\u00e1 ainda uma palestra sobre consumo consciente com Lucas Ciola, da organiza\u00e7\u00e3o n\u00e3o-governamental (ong) EPARREH (Estudos e Pr\u00e1ticas Agr\u00edcolas e o Reencantamento Humano).<\/p>\n<p>\u201cTeremos v\u00e1rias atividades e como 2011 \u00e9 o ano internacional das florestas, a nossa \u00eanfase ir\u00e1 para este tema. J\u00e1 na abertura da programa\u00e7\u00e3o teremos a presen\u00e7a dos \u00edndios, que tem uma rela\u00e7\u00e3o estreita com a mata e sustentabilidade. Al\u00e9m da palestra sobre consumo consciente\u201d, afirma a chefe da Coordenadoria de Educa\u00e7\u00e3o Ambiental da Seduc, Gl\u00f3ria Bruno.<\/p>\n<p>Com o tema \u201cFlorestas: benef\u00edcios e encantos\u201d, a Semana do Meio Ambiente em Praia Grande ter\u00e1 atividades entre os dias 6 e 10 de junho. Entre as principais a\u00e7\u00f5es destacam-se um estudo do meio ambiente em plena mata atl\u00e2ntica, com alunos da rede municipal, na Fortaleza de Itaipu, nos dias 7 e 9 (ter\u00e7a e quinta-feira). J\u00e1 no dia 10 haver\u00e1 a visita de um grupo da terceira idade do programa Conviver dos Bairros Boqueir\u00e3o e Guilhermina, \u00e0 sede da Coordenadoria Ambiental de Praia Grande. Os idosos participar\u00e3o de oficina de ecobijuteria e far\u00e3o um passeio de barco pelo manguezal.<\/p>\n<p>Na abertura da semana, no dia 6, ser\u00e3o aceitas doa\u00e7\u00f5es de leite (em p\u00f3 ou longa vida) para serem encaminhadas aos \u00edndios.<\/p>\n<p>Confira a programa\u00e7\u00e3o completa:<\/p>\n<p>Dia 6 (segunda-feira)<br \/>\nAbertura da Semana do Meio Ambiente<br \/>\nAtividades:<br \/>\nPalestra \u201cConsumo Consciente\u201d<br \/>\nApresenta\u00e7\u00e3o da tribo ind\u00edgena Pia\u00e7aguera Ywy Pya\u00fa (canto e dan\u00e7a)<br \/>\nHor\u00e1rio: 19h \u00e0s 21 horas<br \/>\nLocal: Audit\u00f3rio Jornalista Roberto Marinho (Rua Jos\u00e9 Borges Neto, 50)<br \/>\nP\u00fablico: Estudantes do Ensino M\u00e9dio, ETEC e universit\u00e1rios.<\/p>\n<p>Dia 7 (ter\u00e7a-feira)<br \/>\nAtividade 1: Conhecendo a Mata Atl\u00e2ntica.<br \/>\nEstudo do Meio na Fortaleza de Itaipu<br \/>\nHor\u00e1rio: 8h \u00e0s 10h30 e 13h30 \u00e0s 16h<br \/>\nLocal: Fortaleza de Itaipu<br \/>\nP\u00fablico: Alunos das Escolas Municipais que oferecem Complementa\u00e7\u00e3o Educacional do Projeto \u201cViva Bem a Vida\u201d<\/p>\n<p>Atividade 2: Eu cuido da Mata<br \/>\nDin\u00e2micas de Sensibiliza\u00e7\u00e3o e Informa\u00e7\u00e3o sobre a Mata Atl\u00e2ntica<br \/>\nHor\u00e1rio: 8h \u00e0s 10h30 e 13h30 \u00e0s 16h<br \/>\nLocal: Coordenadoria de Educa\u00e7\u00e3o Ambiental (Rua Paulo S\u00e9rgio Garcia, 777)<br \/>\nP\u00fablico: Alunos da ETEC (manh\u00e3) e EE Palmeiras(tarde)<\/p>\n<p>Dia 8 (quarta-feira)<br \/>\nAtividade1: \u201cConsumo Consciente: Renove, Troque, Transforme\u201d<br \/>\nOficina: \u201cD\u00ea uma cara nova para uma pe\u00e7a velha.\u201d (Pode ser bijuteria, roupa ou acess\u00f3rio);<br \/>\nFeira de troca: trazer algo que pode servir para outra pessoa e troque-o por algo \u00fatil para si.<br \/>\nHor\u00e1rio: 9 h<br \/>\nLocal: CAFE S\u00e9rgio Mainente<br \/>\nP\u00fablico: alunos CAFE S\u00e9rgio Mainente<\/p>\n<p>Atividade2: ECOMODA: Festa do Desapego<br \/>\nOs convidados fazem anteriormente uma pr\u00e9-inscri\u00e7\u00e3o por email e como ingressos colaboram com alimentos preparados com reaproveitamento. No dia realizam a troca das pe\u00e7as de roupas ou acess\u00f3rios.<br \/>\nHor\u00e1rio: das 16h \u00e0s 19h<br \/>\nLocal: Coordenadoria de Educa\u00e7\u00e3o Ambiental<br \/>\nP\u00fablico alvo: Especialistas da Seduc e Convidados<\/p>\n<p>Dia 9 (quinta-feira)<br \/>\nAtividade 1: Conhecendo a Mata Atl\u00e2ntica.<br \/>\nEstudo do Meio na Fortaleza de Itaipu<br \/>\nHor\u00e1rio: 8h \u00e0s 10h30 e 13h30 \u00e0s 16h<br \/>\nLocal: Fortaleza de Itaipu<br \/>\nP\u00fablico: Alunos das Escolas Municipais que oferecem Complementa\u00e7\u00e3o Educacional do Projeto \u201cViva Bem a Vida\u201d<\/p>\n<p>Atividade 2: Madeira e Arte<br \/>\nOficina de Sensibiliza\u00e7\u00e3o e Alternativa de Renda utilizando a madeira, um recurso n\u00e3o recicl\u00e1vel<br \/>\nHor\u00e1rio: 8h \u00e0s 10h30 e 13h30 \u00e0s 15h30<br \/>\nLocal: Coordenadoria de Educa\u00e7\u00e3o Ambiental<br \/>\nP\u00fablico: Cooperados da COOPERVIDA<\/p>\n<p>Dia 10 (sexta-feira)<br \/>\nAtividade: \u201cEu, outro e o meio ambiente\u201d<br \/>\nDin\u00e2mica de interioriza\u00e7\u00e3o e socializa\u00e7\u00e3o com circuito de atividades: dan\u00e7a circular, oficina de ecobijuteria, ecoa\u00e7\u00e3o com viv\u00eancia no manguezal (barco).<br \/>\nHor\u00e1rio: 8h30 \u00e0s 11h30<br \/>\nLocal: Coordenadoria de Educa\u00e7\u00e3o Ambiental<br \/>\nP\u00fablico: Conviver Boqueir\u00e3o e Guilhermina<\/p>\n<p><em>Fonte: Prefeitura de Praia Grande<\/em><\/p>\n","protected":false},"excerpt":{"rendered":"<p>As comemora\u00e7\u00f5es pela Semana do Meio Ambiente ter\u00e3o in\u00edcio na segunda-feira (6) em Guia da cidade Praia Grande, com a presen\u00e7a de \u00edndios da aldeia Pia\u00e7aguera (Peru\u00edbe). A abertura ser\u00e1 realizada a partir das 19 horas, no Audit\u00f3rio Jornalista Roberto Marinho, no Bairro Mirim. A entrada \u00e9 gratuita e aberta ao p\u00fablico. O evento \u00e9 [&hellip;]<\/p>\n","protected":false},"author":1,"featured_media":0,"comment_status":"open","ping_status":"open","sticky":false,"template":"","format":"standard","meta":{"footnotes":""},"categories":[5],"tags":[14],"class_list":["post-249","post","type-post","status-publish","format-standard","hentry","category-eventos","tag-praia-grande"],"aioseo_notices":[],"_links":{"self":[{"href":"https:\/\/www.encontrapraiagrande.com.br\/noticias\/wp-json\/wp\/v2\/posts\/249","targetHints":{"allow":["GET"]}}],"collection":[{"href":"https:\/\/www.encontrapraiagrande.com.br\/noticias\/wp-json\/wp\/v2\/posts"}],"about":[{"href":"https:\/\/www.encontrapraiagrande.com.br\/noticias\/wp-json\/wp\/v2\/types\/post"}],"author":[{"embeddable":true,"href":"https:\/\/www.encontrapraiagrande.com.br\/noticias\/wp-json\/wp\/v2\/users\/1"}],"replies":[{"embeddable":true,"href":"https:\/\/www.encontrapraiagrande.com.br\/noticias\/wp-json\/wp\/v2\/comments?post=249"}],"version-history":[{"count":4,"href":"https:\/\/www.encontrapraiagrande.com.br\/noticias\/wp-json\/wp\/v2\/posts\/249\/revisions"}],"predecessor-version":[{"id":1923,"href":"https:\/\/www.encontrapraiagrande.com.br\/noticias\/wp-json\/wp\/v2\/posts\/249\/revisions\/1923"}],"wp:attachment":[{"href":"https:\/\/www.encontrapraiagrande.com.br\/noticias\/wp-json\/wp\/v2\/media?parent=249"}],"wp:term":[{"taxonomy":"category","embeddable":true,"href":"https:\/\/www.encontrapraiagrande.com.br\/noticias\/wp-json\/wp\/v2\/categories?post=249"},{"taxonomy":"post_tag","embeddable":true,"href":"https:\/\/www.encontrapraiagrande.com.br\/noticias\/wp-json\/wp\/v2\/tags?post=249"}],"curies":[{"name":"wp","href":"https:\/\/api.w.org\/{rel}","templated":true}]}}