{"id":245,"date":"2011-06-02T17:34:38","date_gmt":"2011-06-02T19:34:38","guid":{"rendered":"http:\/\/www.encontrapraiagrande.com.br\/noticias\/?p=245"},"modified":"2013-08-14T13:05:12","modified_gmt":"2013-08-14T15:05:12","slug":"festa-junina-de-praia-grande-comeca-nesta-sexta-feira","status":"publish","type":"post","link":"https:\/\/www.encontrapraiagrande.com.br\/noticias\/festa-junina-de-praia-grande-comeca-nesta-sexta-feira\/","title":{"rendered":"Festa Junina de Praia Grande come\u00e7a nesta sexta-feira"},"content":{"rendered":"<p>Falta apenas um dia para a abertura do Arraial do Portinho, a festa junina municipal que acontece de 3 a 25 de junho em um dos pontos tur\u00edsticos mais importantes da cidade Praia Grande. Enquanto t\u00e9cnicos acertam os \u00faltimos detalhes de palco e ilumina\u00e7\u00e3o, funcion\u00e1rios da Sectur, volunt\u00e1rios e alunos das oficinas e Arte de PDA finalizam as pe\u00e7as que enfeitar\u00e3o o ambiente. A expectativa \u00e9 que cerca de 2 mil pessoas compare\u00e7am por dia ao evento, que acontece sempre \u00e0s sextas e s\u00e1bados, das 19 horas \u00e0 meia-noite, e domingos, das 18 \u00e0s 22 horas. A entrada \u00e9 gratuita.<\/p>\n<p>\u201cPara a decora\u00e7\u00e3o, buscamos inspira\u00e7\u00e3o na cultura religiosa do interior, onde os santos s\u00e3o homenageados com estandartes, que enfeitam as ruas e janelas das casas\u201d, explica a chefe da se\u00e7\u00e3o de A\u00e7\u00e3o Cultural do PDA, Lourdes Marszolek. Para compor o ambiente do Arraial do Portinho, foram produzidos 11 estandartes que reverenciam os santos m\u00eas: Santo Antonio, S\u00e3o Jo\u00e3o e S\u00e3o Pedro. As tradicionais bandeiras e bal\u00f5es tamb\u00e9m estar\u00e3o presentes, al\u00e9m de 18 lanternas tem\u00e1ticas, produzidas em tecido.<\/p>\n<p>Os visitantes tamb\u00e9m ter\u00e3o um espa\u00e7o especialmente dedicado a que possam levar lembran\u00e7as da festa: duas instala\u00e7\u00f5es c\u00eanicas estar\u00e3o \u00e0 disposi\u00e7\u00e3o dos que quiserem fotografar ao lado de amigos e parentes: uma remetendo \u00e0 tradicional cadeia das festas juninas, e outra a uma casa caipira. \u201cNossa inten\u00e7\u00e3o \u00e9 promover uma grande festa direcionada \u00e0s fam\u00edlias da Cidade\u201d, pontua o secretario de Cultura e Turismo, Carlos Ananias Lob\u00e3o.<\/p>\n<p>\u201cUm local bem estruturado, onde pais possam se divertir com seus filhos, apreciando a culin\u00e1ria t\u00edpica na companhia de amigos e boa m\u00fasica. Temos certeza de que o sucesso do evento ser\u00e1 tanto que h\u00e1 grandes possibilidades de que ele entre para o calend\u00e1rio oficial do Munic\u00edpio. Todos os eventos promovidos na Cidade vem recebendo \u00f3tima aceita\u00e7\u00e3o do p\u00fablico, o que nos incentiva a criar uma agenda cada vez mais diversificada para Praia Grande. Nossas expectativas s\u00e3o as melhores poss\u00edveis\u201d, comemora.<\/p>\n<p>Projetado em ambiente coberto, com estacionamento e banheiros qu\u00edmicos, o Arraial do Portinho contar\u00e1 com pra\u00e7a de alimenta\u00e7\u00e3o, onde 20 institui\u00e7\u00f5es sociais do Munic\u00edpio comercializar\u00e3o comidas e bebidas t\u00edpicas da festa. M\u00fasica ao vivo e barracas com brincadeiras juninas, como pescaria e tiro ao alvo devem complementar a festa. Para as apresenta\u00e7\u00f5es musicais, procuramos privilegiar os artistas da regi\u00e3o\u201d, explica o chefe da Coordenadoria de Eventos da Sectur, Francisco Barbosa. \u201cCom m\u00e9dia de tr\u00eas apresenta\u00e7\u00f5es por noite, acreditamos que a sele\u00e7\u00e3o musical agrade a todos os gostos. Teremos desde o pop nacional e internacional at\u00e9 m\u00fasicas regionais, como forr\u00f3 de sanfona e sertanejo\u201d, enumera, lembrando ainda que o Arraial do Portinho deve contar tamb\u00e9m com interven\u00e7\u00f5es teatrais e apresenta\u00e7\u00f5es de quadrilha.<\/p>\n<p>O Arraial do Portinho ter\u00e1 como cen\u00e1rio a bela paisagem da \u00c1rea de Lazer \u00c9zio Dall\u2019Acqua, conhecida popularmente como Portinho. Situado \u00e0s margens do Mar Pequeno, o acesso ao Portinho se d\u00e1 pela entrada de Praia Grande, \u00e0 direita do Portal da Cidade.<\/p>\n<p>Confira a programa\u00e7\u00e3o musical do Arraial do Portinho:<\/p>\n<p>Dia 3 de junho<br \/>\n19 hs \u2013 Abertura Oficial<br \/>\n19h30 \u2013 21h45 Drops De Anis<br \/>\n22hs &#8211; 22h45 Larissa Barbosa<br \/>\n23hs \u2013 24hs Henrique Marx<\/p>\n<p>Dia 4 de junho<br \/>\n20hs \u2013 21hs Forr\u00f3 de Xote<br \/>\n21hs &#8211; 22hs Cia Aroeira &amp; Coron\u00e9<br \/>\n22h15 \u2013 24hs Forr\u00f3 de Xote<\/p>\n<p>Dia 5 de junho<br \/>\n19hs \u2013 21hs Musikromma<br \/>\n21hs \u2013 22hs Chiquinho do Acordeon &amp; Banda<\/p>\n<p>Dia 10 de junho<br \/>\n19hs \u2013 20hs M\u00fasica Eletr\u00f4nica\/Atividades<br \/>\n20hs \u2013 21h30 Forr\u00f3 Da Terra<br \/>\n21h45 \u2013 24hs Lob\u00e3o Quartet<\/p>\n<p>Dia 11 de junho<br \/>\n220hs \u2013 21hs Andrea Monthero<br \/>\n21h15 \u2013 22h15 Roberto &amp; Ariel<br \/>\n22h30 \u2013 24hs Andrea Monthero<\/p>\n<p>Dia 12 de junho<br \/>\n18hs \u2013 20hs Banda Magusta<br \/>\n20hs \u2013 22hs Macaco Prego<\/p>\n<p>Dia 17 de junho<br \/>\n19hs \u2013 21hs Zago Band<br \/>\n21h15 \u2013 22h15 Danilo &amp; Diego<br \/>\n23hs \u2013 24hs Zago Band<\/p>\n<p>Dia 18 de junho<br \/>\n20hs \u2013 22hs Cia Aroeira C.Carneiro<br \/>\n22h30 \u2013 24hs Nayat Jordan &amp; Banda<\/p>\n<p>Dia 19 de junho<br \/>\n18hs \u2013 19hs M\u00fasica Eletr\u00f4nica<br \/>\n19hs \u2013 22hs Edinho Show &amp;Cap.Limao<\/p>\n<p>Dia 23 de junho<br \/>\n19hs \u2013 20hs Musica Eletronica\/Atividades<br \/>\n20h30 \u2013 24hs Giovanni Music Band<\/p>\n<p>Dia 24 de junho<br \/>\n19hs \u2013 20hs Quadrilha Pics -Sepros<br \/>\n20hs \u2013 21h30 Forr\u00f3 De Xote<br \/>\n22hs \u2013 23hs Bruno C\u00e9sar<br \/>\n23hs \u2013 24hs Forr\u00f3 De Xote<\/p>\n<p>Dia 25 de junho<br \/>\n19hs \u2013 22hs Passagem da Prociss\u00e3o de S\u00e3o.Pedro<br \/>\n22hs \u2013 23hs M\u00fasica Eletr\u00f4nica<br \/>\n23hs \u2013 24hs Marco Paulo &amp; Mathias<\/p>\n<p><em>Fonte: Prefeitura de Praia Grande<\/em><\/p>\n","protected":false},"excerpt":{"rendered":"<p>Falta apenas um dia para a abertura do Arraial do Portinho, a festa junina municipal que acontece de 3 a 25 de junho em um dos pontos tur\u00edsticos mais importantes da cidade Praia Grande. Enquanto t\u00e9cnicos acertam os \u00faltimos detalhes de palco e ilumina\u00e7\u00e3o, funcion\u00e1rios da Sectur, volunt\u00e1rios e alunos das oficinas e Arte de [&hellip;]<\/p>\n","protected":false},"author":1,"featured_media":0,"comment_status":"open","ping_status":"open","sticky":false,"template":"","format":"standard","meta":{"footnotes":""},"categories":[5],"tags":[14],"class_list":["post-245","post","type-post","status-publish","format-standard","hentry","category-eventos","tag-praia-grande"],"aioseo_notices":[],"_links":{"self":[{"href":"https:\/\/www.encontrapraiagrande.com.br\/noticias\/wp-json\/wp\/v2\/posts\/245","targetHints":{"allow":["GET"]}}],"collection":[{"href":"https:\/\/www.encontrapraiagrande.com.br\/noticias\/wp-json\/wp\/v2\/posts"}],"about":[{"href":"https:\/\/www.encontrapraiagrande.com.br\/noticias\/wp-json\/wp\/v2\/types\/post"}],"author":[{"embeddable":true,"href":"https:\/\/www.encontrapraiagrande.com.br\/noticias\/wp-json\/wp\/v2\/users\/1"}],"replies":[{"embeddable":true,"href":"https:\/\/www.encontrapraiagrande.com.br\/noticias\/wp-json\/wp\/v2\/comments?post=245"}],"version-history":[{"count":2,"href":"https:\/\/www.encontrapraiagrande.com.br\/noticias\/wp-json\/wp\/v2\/posts\/245\/revisions"}],"predecessor-version":[{"id":1922,"href":"https:\/\/www.encontrapraiagrande.com.br\/noticias\/wp-json\/wp\/v2\/posts\/245\/revisions\/1922"}],"wp:attachment":[{"href":"https:\/\/www.encontrapraiagrande.com.br\/noticias\/wp-json\/wp\/v2\/media?parent=245"}],"wp:term":[{"taxonomy":"category","embeddable":true,"href":"https:\/\/www.encontrapraiagrande.com.br\/noticias\/wp-json\/wp\/v2\/categories?post=245"},{"taxonomy":"post_tag","embeddable":true,"href":"https:\/\/www.encontrapraiagrande.com.br\/noticias\/wp-json\/wp\/v2\/tags?post=245"}],"curies":[{"name":"wp","href":"https:\/\/api.w.org\/{rel}","templated":true}]}}