{"id":172,"date":"2011-04-07T16:14:36","date_gmt":"2011-04-07T18:14:36","guid":{"rendered":"http:\/\/www.encontrapraiagrande.com.br\/noticias\/?p=172"},"modified":"2013-08-14T13:05:10","modified_gmt":"2013-08-14T15:05:10","slug":"praia-grande-roda-literaria-e-a-atracao-de-sexta-feira-no-porto-do-saber","status":"publish","type":"post","link":"https:\/\/www.encontrapraiagrande.com.br\/noticias\/praia-grande-roda-literaria-e-a-atracao-de-sexta-feira-no-porto-do-saber\/","title":{"rendered":"Praia Grande: Roda Liter\u00e1ria \u00e9 a atra\u00e7\u00e3o de sexta-feira no Porto do Saber"},"content":{"rendered":"<p>O Porto do Saber recebe sexta-feira (8), \u00e0s 18 horas, em seu Espa\u00e7o Flex, a Roda Liter\u00e1ria, realizada por representantes da Casa do Poeta Brasileiro da cidade Praia Grande. Aberto ao p\u00fablico, o evento tem entrada gratuita e \u00e9 promovido pela Secretaria de Educa\u00e7\u00e3o (Seduc).<\/p>\n<p>A Roda Liter\u00e1ria \u00e9 um encontro de poetas praiagrandenses e apreciadores de literatura e poesia. O chefe da Divis\u00e3o de Cultura nas Escolas da Seduc, Renato Paes, lembra que j\u00e1 \u00e9 a terceiro encontro liter\u00e1rio realizado este ano no local. \u201cAcredito que n\u00e3o h\u00e1 espa\u00e7o mais leg\u00edtimo para um encontro de poetas do que a biblioteca, por isso nos alegramos tanto em abra\u00e7ar este programa. E o que mais me alegra \u00e9 ver jovens universit\u00e1rios e a comunidade apoiando este encontro. No m\u00eas passado tivemos 108 participantes\u201d, comemora.<\/p>\n<p>O Espa\u00e7o Flex est\u00e1 aberto aos artistas e p\u00fablico de Praia Grande para diversos tipos de eventos culturais, sempre \u00e0s sextas-feiras. \u201cAl\u00e9m de rodas liter\u00e1rias, temos apresenta\u00e7\u00f5es art\u00edsticas, exposi\u00e7\u00f5es, encontros musicais, contadores de hist\u00f3rias, enfim, \u00e9 um espa\u00e7o destinado para a valoriza\u00e7\u00e3o da cultura. E tamb\u00e9m realizamos palestras educativas no local\u201d, afirma Paes.<\/p>\n<p>Estrutura \u2013 Al\u00e9m do Espa\u00e7o Flex, o Porto do Saber re\u00fane num s\u00f3 lugar biblioteca com mais de 25 mil livros, revistecas, gibiteca e espa\u00e7o digital com 20 computadores conectados \u00e0 internet. No segundo piso, conta com a escola Porto das Artes, destinada a aulas culturais (dan\u00e7a, teatro, musicaliza\u00e7\u00e3o e viol\u00e3o) para alunos do projeto SuperEscola.<\/p>\n<p>O Porto do Saber fica na Avenida S\u00e3o Paulo, esquina com a Rua Dair Borges, no Bairro Boqueir\u00e3o (ao lado do Hospital Irm\u00e3 Dulce).<\/p>\n<p><em>Fonte: Prefeitura de Praia Grande<\/em><\/p>\n","protected":false},"excerpt":{"rendered":"<p>O Porto do Saber recebe sexta-feira (8), \u00e0s 18 horas, em seu Espa\u00e7o Flex, a Roda Liter\u00e1ria, realizada por representantes da Casa do Poeta Brasileiro da cidade Praia Grande. Aberto ao p\u00fablico, o evento tem entrada gratuita e \u00e9 promovido pela Secretaria de Educa\u00e7\u00e3o (Seduc). A Roda Liter\u00e1ria \u00e9 um encontro de poetas praiagrandenses e [&hellip;]<\/p>\n","protected":false},"author":1,"featured_media":0,"comment_status":"open","ping_status":"open","sticky":false,"template":"","format":"standard","meta":{"footnotes":""},"categories":[5],"tags":[14],"class_list":["post-172","post","type-post","status-publish","format-standard","hentry","category-eventos","tag-praia-grande"],"aioseo_notices":[],"_links":{"self":[{"href":"https:\/\/www.encontrapraiagrande.com.br\/noticias\/wp-json\/wp\/v2\/posts\/172","targetHints":{"allow":["GET"]}}],"collection":[{"href":"https:\/\/www.encontrapraiagrande.com.br\/noticias\/wp-json\/wp\/v2\/posts"}],"about":[{"href":"https:\/\/www.encontrapraiagrande.com.br\/noticias\/wp-json\/wp\/v2\/types\/post"}],"author":[{"embeddable":true,"href":"https:\/\/www.encontrapraiagrande.com.br\/noticias\/wp-json\/wp\/v2\/users\/1"}],"replies":[{"embeddable":true,"href":"https:\/\/www.encontrapraiagrande.com.br\/noticias\/wp-json\/wp\/v2\/comments?post=172"}],"version-history":[{"count":2,"href":"https:\/\/www.encontrapraiagrande.com.br\/noticias\/wp-json\/wp\/v2\/posts\/172\/revisions"}],"predecessor-version":[{"id":1894,"href":"https:\/\/www.encontrapraiagrande.com.br\/noticias\/wp-json\/wp\/v2\/posts\/172\/revisions\/1894"}],"wp:attachment":[{"href":"https:\/\/www.encontrapraiagrande.com.br\/noticias\/wp-json\/wp\/v2\/media?parent=172"}],"wp:term":[{"taxonomy":"category","embeddable":true,"href":"https:\/\/www.encontrapraiagrande.com.br\/noticias\/wp-json\/wp\/v2\/categories?post=172"},{"taxonomy":"post_tag","embeddable":true,"href":"https:\/\/www.encontrapraiagrande.com.br\/noticias\/wp-json\/wp\/v2\/tags?post=172"}],"curies":[{"name":"wp","href":"https:\/\/api.w.org\/{rel}","templated":true}]}}