{"id":1525,"date":"2013-02-18T00:15:29","date_gmt":"2013-02-18T02:15:29","guid":{"rendered":"http:\/\/www.encontrapraiagrande.com.br\/noticias\/?p=1525"},"modified":"2013-08-14T13:06:04","modified_gmt":"2013-08-14T15:06:04","slug":"cursos-profissionalizantes-tem-280-vagas-em-praia-grande","status":"publish","type":"post","link":"https:\/\/www.encontrapraiagrande.com.br\/noticias\/cursos-profissionalizantes-tem-280-vagas-em-praia-grande\/","title":{"rendered":"Cursos profissionalizantes t\u00eam 280 vagas em Praia Grande"},"content":{"rendered":"<p>A Secretaria de Desenvolvimento Econ\u00f4mico, Ci\u00eancia, Tecnologia e Trabalho (Sedettra) recebe, a partir de segunda-feira (18), inscri\u00e7\u00f5es para 280 vagas dos cursos na cidade de Praia Grande do Pronatec 2013 e Pronatec Copa. Ao todo, s\u00e3o 12 cursos como gar\u00e7om, auxiliar administrativo, organizador de eventos e recepcionista em meios de hospedagem.<\/p>\n<p>Os cursos ser\u00e3o ministrados nos per\u00edodos da manh\u00e3 e tarde, a partir de 18 de fevereiro, com carga hor\u00e1ria de 160 e 200 horas\/aula.<\/p>\n<p>Para se inscrever \u00e9 preciso comparecer \u00e0 Sedettra, a partir de segunda-feira (18), das 9 \u00e0s 11h30 e das 14h \u00e0s 16h30, levando c\u00f3pias do RG e CPF, comprovantes de escolaridade e de resid\u00eancia e c\u00f3pia do cart\u00e3o de conta banc\u00e1ria (Conta F\u00e1cil, poupan\u00e7a ou conta corrente na Caixa Econ\u00f4mica Federal).<\/p>\n<p>As aulas ser\u00e3o ministradas na unidade do Senac de Santos e, por esta raz\u00e3o, os alunos inscritos receber\u00e3o uma bolsa-aux\u00edlio de R$ 2,00 por hora\/aula, mediante comprova\u00e7\u00e3o de frequ\u00eancia.<\/p>\n<p>A Sedettra fica na Avenida Ministro Marcos Freire, 6.650, no bairro Quietude.<\/p>\n<p><strong style=\"font-size: 13px;\">Confira os requisitos e dura\u00e7\u00e3o dos cursos:<\/strong><\/p>\n<p><strong>Gar\u00e7om b\u00e1sico<\/strong><br \/>\n18 anos e Ensino Fundamental completo \u2013 19 de fevereiro a 29 de abril, das 8 \u00e0s 12 horas<\/p>\n<p><strong>Auxiliar Administrativo<\/strong><br \/>\n16 anos ao t\u00e9rmino do curso &#8211; 04 de mar\u00e7o a 29 de abril, das 8 \u00e0s 12 horas<\/p>\n<p><strong>Promotor de Vendas<\/strong><br \/>\n16 anos e Ensino Fundamental II incompleto \u2013 04 de mar\u00e7o a 29 de abril, das 14 \u00e0s 18 horas<\/p>\n<p><strong>Organizador de Eventos<\/strong><br \/>\n16 anos e Ensino M\u00e9dio Completo \u2013 06 de maio a 02 de julho, das 8 \u00e0s 12 horas<\/p>\n<p><strong>Operador de Teleatendimento<\/strong><br \/>\n16 anos e Ensino Fundamental II incompleto \u2013 06 de maio a 02 de julho, das 8 \u00e0s 12 horas<\/p>\n<p><strong>Auxiliar Administrativo<\/strong><br \/>\n16 anos ao t\u00e9rmino do curso \u2013 06 de maio a 02 de julho, das 14 \u00e0s 18 horas<\/p>\n<p><strong>Monitor de recrea\u00e7\u00e3o<\/strong><br \/>\n16 anos e Ensino Fundamental II incompleto \u2013 de 05 de agosto a 27 de setembro, das 8 \u00e0s 12 horas<\/p>\n<p><strong>Promotor de vendas<\/strong><br \/>\n16 anos e Ensino Fundamental II Incompleto \u2013 de 05 de agosto a 27 de setembro, das 8 \u00e0s 12 horas<\/p>\n<p><strong>Operador de Supermercado<\/strong><br \/>\n16 anos e Ensino Fundamental II incompleto \u2013 de 05 de agosto a 27 de julho, das 14 \u00e0s 18 horas<\/p>\n<p><strong>Recepcionista em Meios de Hospedagem<\/strong><br \/>\n18 anos e Ensino M\u00e9dio Completo \u2013 de 07 de outubro a 03 de dezembro, das 8 \u00e0s 12 horas<\/p>\n<p><strong>Almoxarife<\/strong><br \/>\n16 anos e Ensino M\u00e9dio Incompleto \u2013 de 07 de outubro a 03 de dezembro, das 8 \u00e0s 12 horas<\/p>\n<p><strong>Operador de Teleatendimento<\/strong><br \/>\n16 anos e Ensino Fundamental II Incompleto \u2013 de 07 de outubro a 03 de dezembro, das 14 \u00e0s 18 horas.<\/p>\n<p><em>Fonte: Di\u00e1rio do litoral<\/em><\/p>\n","protected":false},"excerpt":{"rendered":"<p>A Secretaria de Desenvolvimento Econ\u00f4mico, Ci\u00eancia, Tecnologia e Trabalho (Sedettra) recebe, a partir de segunda-feira (18), inscri\u00e7\u00f5es para 280 vagas dos cursos na cidade de Praia Grande do Pronatec 2013 e Pronatec Copa. Ao todo, s\u00e3o 12 cursos como gar\u00e7om, auxiliar administrativo, organizador de eventos e recepcionista em meios de hospedagem. Os cursos ser\u00e3o ministrados [&hellip;]<\/p>\n","protected":false},"author":1,"featured_media":0,"comment_status":"open","ping_status":"open","sticky":false,"template":"","format":"standard","meta":{"footnotes":""},"categories":[3,6],"tags":[14],"class_list":["post-1525","post","type-post","status-publish","format-standard","hentry","category-cursos","category-noticias","tag-praia-grande"],"aioseo_notices":[],"_links":{"self":[{"href":"https:\/\/www.encontrapraiagrande.com.br\/noticias\/wp-json\/wp\/v2\/posts\/1525","targetHints":{"allow":["GET"]}}],"collection":[{"href":"https:\/\/www.encontrapraiagrande.com.br\/noticias\/wp-json\/wp\/v2\/posts"}],"about":[{"href":"https:\/\/www.encontrapraiagrande.com.br\/noticias\/wp-json\/wp\/v2\/types\/post"}],"author":[{"embeddable":true,"href":"https:\/\/www.encontrapraiagrande.com.br\/noticias\/wp-json\/wp\/v2\/users\/1"}],"replies":[{"embeddable":true,"href":"https:\/\/www.encontrapraiagrande.com.br\/noticias\/wp-json\/wp\/v2\/comments?post=1525"}],"version-history":[{"count":7,"href":"https:\/\/www.encontrapraiagrande.com.br\/noticias\/wp-json\/wp\/v2\/posts\/1525\/revisions"}],"predecessor-version":[{"id":2712,"href":"https:\/\/www.encontrapraiagrande.com.br\/noticias\/wp-json\/wp\/v2\/posts\/1525\/revisions\/2712"}],"wp:attachment":[{"href":"https:\/\/www.encontrapraiagrande.com.br\/noticias\/wp-json\/wp\/v2\/media?parent=1525"}],"wp:term":[{"taxonomy":"category","embeddable":true,"href":"https:\/\/www.encontrapraiagrande.com.br\/noticias\/wp-json\/wp\/v2\/categories?post=1525"},{"taxonomy":"post_tag","embeddable":true,"href":"https:\/\/www.encontrapraiagrande.com.br\/noticias\/wp-json\/wp\/v2\/tags?post=1525"}],"curies":[{"name":"wp","href":"https:\/\/api.w.org\/{rel}","templated":true}]}}