{"id":1492,"date":"2013-02-11T00:31:34","date_gmt":"2013-02-11T02:31:34","guid":{"rendered":"http:\/\/www.encontrapraiagrande.com.br\/noticias\/?p=1492"},"modified":"2013-08-14T13:06:08","modified_gmt":"2013-08-14T15:06:08","slug":"desfiles-do-carnaval-de-praia-grande-acontecem-dias-11-e-12-de-fevereiro","status":"publish","type":"post","link":"https:\/\/www.encontrapraiagrande.com.br\/noticias\/desfiles-do-carnaval-de-praia-grande-acontecem-dias-11-e-12-de-fevereiro\/","title":{"rendered":"Desfiles do Carnaval de Praia Grande acontecem dias 11 e 12 de fevereiro"},"content":{"rendered":"<p>Os preparativos para os desfiles gratuitos da sexta edi\u00e7\u00e3o do Carnaval da Fam\u00edlia, em Praia Grande, est\u00e3o em reta final. O evento na cidade de Praia Grande acontece nos dias 11 e 12 de fevereiro e ter\u00e1 a participa\u00e7\u00e3o de 14 escolas de samba, divididas em Grupo Especial e Primeiro Grupo, al\u00e9m da abertura do Bloco Afox\u00e9. O Carnaval da Fam\u00edlia \u00e9 uma parceria da <a href=\"http:\/\/www.encontrapraiagrande.com.br\/praia-grande\/prefeitura-da-praia-grande.shtml\" target=\"_blank\">Prefeitura de Praia Grande<\/a>, da Liga dos Blocos e Escolas de Samba (Libesa) e do Grupo <em>Gazeta do Litoral<\/em>. A expectativa \u00e9 de que cerca de 30 mil pessoas prestigiem os desfiles.<\/p>\n<p>O prefeito Alberto Mour\u00e3o falou da import\u00e2ncia do evento, enfatizando que a festa j\u00e1 se tornou tradi\u00e7\u00e3o na Cidade. \u201c\u00c9 uma grande festa que a cada ano cresce e se destaca por sua qualidade e organiza\u00e7\u00e3o. Os foli\u00f5es podem ter certeza que este ano contar\u00e3o com completa infraestrutura no local durante os desfiles\u201d, afirmou.<\/p>\n<p>O Carnaval da Fam\u00edlia 2013 ser\u00e1 realizado na Passarela do Samba Jo\u00e3o Apol\u00f4nio, localizada no Complexo Esportivo e Cultural Leopoldo Est\u00e1sio Vanderlinde (ao lado do <a href=\"http:\/\/www.encontrapraiagrande.com.br\/praia-grande\/terminal-viario-tude-bastos-na-praia-grande.shtml\" target=\"_blank\">Terminal Rodovi\u00e1rio Tude Bastos<\/a>).<\/p>\n<p>Estrutura &#8211; Para o evento, foram instaladas arquibancadas e camarotes, que comportar\u00e3o 15 mil pessoas por noite. O local vai receber quiosques para venda de alimentos a pre\u00e7os populares, que formar\u00e3o uma grande pra\u00e7a de alimenta\u00e7\u00e3o no complexo. O espa\u00e7o receber\u00e1 tamb\u00e9m apoio da Secretaria de Servi\u00e7os Urbanos para a manuten\u00e7\u00e3o e limpeza do local, assim como tamb\u00e9m receber\u00e1 a instala\u00e7\u00e3o de dezenas de banheiros qu\u00edmicos.<\/p>\n<p>Atendimento m\u00e9dico &#8211; Uma equipe m\u00e9dica do <a href=\"http:\/\/www.encontrapraiagrande.com.br\/praia-grande\/hospital-irma-dulce-na-praia-grande.shtml\" target=\"_blank\">Hospital Irm\u00e3 Dulce<\/a> ficar\u00e1 de plant\u00e3o e em alerta para atender qualquer ocorr\u00eancia durante o Carnaval da Fam\u00edlia.<\/p>\n<p>Seguran\u00e7a &#8211; Para garantir a seguran\u00e7a dos foli\u00f5es, a Liga dos Blocos e Escolas de Samba de Praia Grande contratar\u00e1 60 profissionais particulares que auxiliar\u00e3o os Guardas Civis Municipais e Pol\u00edcia Militar durante os desfiles.<\/p>\n<p>Transporte p\u00fablico \u2013 A Passarela do Samba est\u00e1 localizada ao lado do Terminal Rodovi\u00e1rio Tude Bastos, que oferece \u00f4nibus para diversos locais da Cidade, al\u00e9m de linhas intermunicipais para outros pontos da Baixada Santista. Para os dois dias de desfiles, ser\u00e3o acrescidos \u00e0 frota seis \u00f4nibus, no total, nas linhas troncais 15 SO, 12 CO, 13 TR e 17 SA, sempre a partir das 19 horas.<\/p>\n<p>Programa\u00e7\u00e3o &#8211; A apresenta\u00e7\u00e3o do grupo Afox\u00e9 Laroy\u00ea, que promete aben\u00e7oar a avenida com m\u00e3es de santo e outras lideran\u00e7as religiosas, abrir\u00e1 o evento \u00e0s 18 horas de segunda-feira (11). Na ocasi\u00e3o, \u00e0s 20 horas, t\u00eam in\u00edcio os desfiles com a apresenta\u00e7\u00e3o das agremia\u00e7\u00f5es de samba do Primeiro Grupo. J\u00e1 na ter\u00e7a-feira (12) a festa come\u00e7a \u00e0s 21 horas com os desfiles das escolas do Grupo Especial. J\u00e1 a apura\u00e7\u00e3o para a defini\u00e7\u00e3o das grandes campe\u00e3s acontecer\u00e1 na quarta-feira (13), \u00e0s 10 horas, tamb\u00e9m na Passarela do Samba.<\/p>\n<p>Confira a programa\u00e7\u00e3o completa do Carnaval da Fam\u00edlia 2013:<\/p>\n<p>PRIMEIRO GRUPO (segunda-feira, dia 11 de fevereiro)<br \/>\n18h00 \u2013 Abertura Oficial do evento<br \/>\nCorte carnavalesca e AFOX\u00c9 LAROY\u00ca<br \/>\n1\u00aa G.R.C.E.S Guaratude\u2013 20h30 \u00e0s 21h10<br \/>\n2\u00aa G.R.C.E.S Unidos da Ocian<br \/>\n&#8211; 21h30 \u00e0s 22h10<br \/>\n3\u00aa G.R.C.E.S Jo\u00e3o Apol\u00f4nio CESAC<br \/>\n&#8211; 22h30 \u00e0s 23h10<br \/>\n4\u00aa G.R.C.E.S Favoritos do Forte<br \/>\n\u2013 23h30 \u00e0s 00h10<br \/>\n5\u00aa G.R.C.E.S Acad\u00eamicos da Ilha do Caieiras<br \/>\n\u2013 00h30 \u00e0s 1h10<br \/>\n6\u00aa G.R.C.E.S Acad\u00eamicos de Praia Grande<br \/>\n\u2013 1h30 \u00e0s 2h10<br \/>\n7\u00aa G.R.C.E.S. Unidos da Vila do Sapo<br \/>\n\u2013 2h30 \u00e0s 3h10<br \/>\n8\u00aa G.R.C.E.S. Cristal de Praia Grande<br \/>\n\u2013 3h30 \u00e0s 4h10<\/p>\n<p>GRUPO ESPECIAL (ter\u00e7a-feira, dia 12 de fevereiro)<br \/>\n1\u00aa G.R.C.E.S. Imp\u00e9rio da Baixada<br \/>\n&#8211; 21h00 \u00e0s 21h50<br \/>\n2\u00aa G.R.C.E.S. Casa do Mesti\u00e7o<br \/>\n&#8211; 22h10 \u00e0s 23h00<br \/>\n3\u00aa G.R.C.E.S. Folia 99 FM<br \/>\n&#8211; 23h20 \u00e0s 00h10<br \/>\n4\u00aa G.R.C.E.S. Mancha Verde-Baixada<br \/>\n&#8211; 00h30 \u00e0s 1h20<br \/>\n5\u00aa G.R.C.E.S. Mocidade Independente Star na Avenida<br \/>\n&#8211; 1h40 \u00e0s 2h30<br \/>\n6\u00aa G.R.C.E.S. Amigos do Samba<br \/>\n&#8211; 2h50 \u00e0s 3h40<\/p>\n<p><em>Fonte: A Gazeta do litoral<\/em><\/p>\n","protected":false},"excerpt":{"rendered":"<p>Os preparativos para os desfiles gratuitos da sexta edi\u00e7\u00e3o do Carnaval da Fam\u00edlia, em Praia Grande, est\u00e3o em reta final. O evento na cidade de Praia Grande acontece nos dias 11 e 12 de fevereiro e ter\u00e1 a participa\u00e7\u00e3o de 14 escolas de samba, divididas em Grupo Especial e Primeiro Grupo, al\u00e9m da abertura do [&hellip;]<\/p>\n","protected":false},"author":1,"featured_media":0,"comment_status":"open","ping_status":"open","sticky":false,"template":"","format":"standard","meta":{"footnotes":""},"categories":[5],"tags":[],"class_list":["post-1492","post","type-post","status-publish","format-standard","hentry","category-eventos"],"aioseo_notices":[],"_links":{"self":[{"href":"https:\/\/www.encontrapraiagrande.com.br\/noticias\/wp-json\/wp\/v2\/posts\/1492","targetHints":{"allow":["GET"]}}],"collection":[{"href":"https:\/\/www.encontrapraiagrande.com.br\/noticias\/wp-json\/wp\/v2\/posts"}],"about":[{"href":"https:\/\/www.encontrapraiagrande.com.br\/noticias\/wp-json\/wp\/v2\/types\/post"}],"author":[{"embeddable":true,"href":"https:\/\/www.encontrapraiagrande.com.br\/noticias\/wp-json\/wp\/v2\/users\/1"}],"replies":[{"embeddable":true,"href":"https:\/\/www.encontrapraiagrande.com.br\/noticias\/wp-json\/wp\/v2\/comments?post=1492"}],"version-history":[{"count":2,"href":"https:\/\/www.encontrapraiagrande.com.br\/noticias\/wp-json\/wp\/v2\/posts\/1492\/revisions"}],"predecessor-version":[{"id":2790,"href":"https:\/\/www.encontrapraiagrande.com.br\/noticias\/wp-json\/wp\/v2\/posts\/1492\/revisions\/2790"}],"wp:attachment":[{"href":"https:\/\/www.encontrapraiagrande.com.br\/noticias\/wp-json\/wp\/v2\/media?parent=1492"}],"wp:term":[{"taxonomy":"category","embeddable":true,"href":"https:\/\/www.encontrapraiagrande.com.br\/noticias\/wp-json\/wp\/v2\/categories?post=1492"},{"taxonomy":"post_tag","embeddable":true,"href":"https:\/\/www.encontrapraiagrande.com.br\/noticias\/wp-json\/wp\/v2\/tags?post=1492"}],"curies":[{"name":"wp","href":"https:\/\/api.w.org\/{rel}","templated":true}]}}