{"id":1460,"date":"2013-02-06T00:43:30","date_gmt":"2013-02-06T02:43:30","guid":{"rendered":"http:\/\/www.encontrapraiagrande.com.br\/noticias\/?p=1460"},"modified":"2013-08-14T13:06:08","modified_gmt":"2013-08-14T15:06:08","slug":"praia-grande-tem-desfiles-de-carnaval-gratuito-para-a-populacao","status":"publish","type":"post","link":"https:\/\/www.encontrapraiagrande.com.br\/noticias\/praia-grande-tem-desfiles-de-carnaval-gratuito-para-a-populacao\/","title":{"rendered":"Praia Grande tem desfiles de carnaval gratuito para a popula\u00e7\u00e3o"},"content":{"rendered":"<p>A sexta edi\u00e7\u00e3o do Carnaval da Fam\u00edlia em\u00a0Praia Grande, no litoral do estado de S\u00e3o Paulo, ser\u00e1 realizada na segunda (11) e na ter\u00e7a-feira (12). Os desfiles s\u00e3o gratuitos, e contam com a participa\u00e7\u00e3o de 14 escolas de samba, divididas em Grupo Especial e Primeiro Grupo. A abertura do evento na cidade de Praia Grande realizada com o Bloco Afox\u00e9. Os desfiles acontecem na Passarela do Samba.<\/p>\n<p>A abertura do evento acontece na segunda-feira, \u00e0s 18h, com apresenta\u00e7\u00e3o do Afox\u00e9 Laroy\u00ea, que promete aben\u00e7oar a avenida com m\u00e3es de santo e outras lideran\u00e7as religiosas. No mesmo dia, \u00e0s 20h, t\u00eam in\u00edcio os desfiles com a apresenta\u00e7\u00e3o das agremia\u00e7\u00f5es de samba do Primeiro Grupo.<\/p>\n<p>J\u00e1 na ter\u00e7a-feira, a folia come\u00e7a \u00e0s 21h, com os desfiles das escolas do Grupo Especial. E a apura\u00e7\u00e3o para a defini\u00e7\u00e3o das grandes campe\u00e3s acontecer\u00e1 na quarta-feira (13), \u00e0s 10h, tamb\u00e9m na Passarela do Samba.<\/p>\n<p>Para o evento foram instaladas arquibancadas e camarotes que comportam 15 mil pessoas por noite. O local vai receber quiosques para venda de alimentos a pre\u00e7os populares. Para garantir a seguran\u00e7a dos foli\u00f5es, a Liga dos Blocos e Escolas de Samba de Praia Grande contratar\u00e1 60 profissionais particulares que auxiliar\u00e3o os Guardas Civis Municipais e Pol\u00edcia Militar durante os desfiles. O espa\u00e7o receber\u00e1 tamb\u00e9m apoio da Secretaria de Servi\u00e7os Urbanos para a manuten\u00e7\u00e3o e limpeza do local, assim como tamb\u00e9m receber\u00e1 a instala\u00e7\u00e3o de dezenas de banheiros qu\u00edmicos.<\/p>\n<p>O Carnaval da Fam\u00edlia 2013 ser\u00e1 realizado na Passarela do Samba Jo\u00e3o Apol\u00f4nio, que fica no Complexo Esportivo e Cultural Leopoldo Est\u00e1sio Vanderlinde (ao lado do <a href=\"http:\/\/www.encontrapraiagrande.com.br\/praia-grande\/terminal-viario-tude-bastos-na-praia-grande.shtml\" target=\"_blank\">Terminal Rodovi\u00e1rio Tude Bastos<\/a>). A entrada \u00e9 gratuita.<\/p>\n<p><strong>Confira a programa\u00e7\u00e3o completa do Carnaval da Fam\u00edlia 2013<\/strong><\/p>\n<p>PRIMEIRO GRUPO (segunda-feira, dia 11 de fevereiro)<br \/>\n18h00 \u2013 Abertura Oficial do evento<br \/>\nCorte carnavalesca e AFOX\u00c9 LAROY\u00ca<br \/>\n1\u00aa G.R.C.E.S Guaratude\u2013 20h30 \u00e0s 21h10<br \/>\n2\u00aa G.R.C.E.S Unidos da Ocian<br \/>\n&#8211; 21h30 \u00e0s 22h10<br \/>\n3\u00aa G.R.C.E.S Jo\u00e3o Apol\u00f4nio CESAC<br \/>\n&#8211; 22h30 \u00e0s 23h10<br \/>\n4\u00aa G.R.C.E.S Favoritos do Forte<br \/>\n\u2013 23h30 \u00e0s 00h10<br \/>\n5\u00aa G.R.C.E.S Acad\u00eamicos da Ilha do Caieiras<br \/>\n\u2013 00h30 \u00e0s 1h10<br \/>\n6\u00aa G.R.C.E.S Acad\u00eamicos de Praia Grande<br \/>\n\u2013 1h30 \u00e0s 2h10<br \/>\n7\u00aa G.R.C.E.S. Unidos da Vila do Sapo<br \/>\n\u2013 2h30 \u00e0s 3h10<br \/>\n8\u00aa G.R.C.E.S. Cristal de Praia Grande<br \/>\n\u2013 3h30 \u00e0s 4h10<\/p>\n<p>GRUPO ESPECIAL (ter\u00e7a-feira, dia 12 de fevereiro)<br \/>\n1\u00aa G.R.C.E.S. Imp\u00e9rio da Baixada<br \/>\n&#8211; 21h00 \u00e0s 21h50<br \/>\n2\u00aa G.R.C.E.S. Casa do Mesti\u00e7o<br \/>\n&#8211; 22h10 \u00e0s 23h00<br \/>\n3\u00aa G.R.C.E.S. Folia 99 FM<br \/>\n&#8211; 23h20 \u00e0s 00h10<br \/>\n4\u00aa G.R.C.E.S. Mancha Verde-Baixada<br \/>\n&#8211; 00h30 \u00e0s 1h20<br \/>\n5\u00aa G.R.C.E.S. Mocidade Independente Star na Avenida<br \/>\n&#8211; 1h40 \u00e0s 2h30<br \/>\n6\u00aa G.R.C.E.S. Amigos do Samba<br \/>\n&#8211; 2h50 \u00e0s 3h40<\/p>\n<p><em>Fonte: G1<\/em><\/p>\n","protected":false},"excerpt":{"rendered":"<p>A sexta edi\u00e7\u00e3o do Carnaval da Fam\u00edlia em\u00a0Praia Grande, no litoral do estado de S\u00e3o Paulo, ser\u00e1 realizada na segunda (11) e na ter\u00e7a-feira (12). Os desfiles s\u00e3o gratuitos, e contam com a participa\u00e7\u00e3o de 14 escolas de samba, divididas em Grupo Especial e Primeiro Grupo. A abertura do evento na cidade de Praia Grande [&hellip;]<\/p>\n","protected":false},"author":1,"featured_media":0,"comment_status":"open","ping_status":"open","sticky":false,"template":"","format":"standard","meta":{"footnotes":""},"categories":[5],"tags":[],"class_list":["post-1460","post","type-post","status-publish","format-standard","hentry","category-eventos"],"aioseo_notices":[],"_links":{"self":[{"href":"https:\/\/www.encontrapraiagrande.com.br\/noticias\/wp-json\/wp\/v2\/posts\/1460","targetHints":{"allow":["GET"]}}],"collection":[{"href":"https:\/\/www.encontrapraiagrande.com.br\/noticias\/wp-json\/wp\/v2\/posts"}],"about":[{"href":"https:\/\/www.encontrapraiagrande.com.br\/noticias\/wp-json\/wp\/v2\/types\/post"}],"author":[{"embeddable":true,"href":"https:\/\/www.encontrapraiagrande.com.br\/noticias\/wp-json\/wp\/v2\/users\/1"}],"replies":[{"embeddable":true,"href":"https:\/\/www.encontrapraiagrande.com.br\/noticias\/wp-json\/wp\/v2\/comments?post=1460"}],"version-history":[{"count":3,"href":"https:\/\/www.encontrapraiagrande.com.br\/noticias\/wp-json\/wp\/v2\/posts\/1460\/revisions"}],"predecessor-version":[{"id":2787,"href":"https:\/\/www.encontrapraiagrande.com.br\/noticias\/wp-json\/wp\/v2\/posts\/1460\/revisions\/2787"}],"wp:attachment":[{"href":"https:\/\/www.encontrapraiagrande.com.br\/noticias\/wp-json\/wp\/v2\/media?parent=1460"}],"wp:term":[{"taxonomy":"category","embeddable":true,"href":"https:\/\/www.encontrapraiagrande.com.br\/noticias\/wp-json\/wp\/v2\/categories?post=1460"},{"taxonomy":"post_tag","embeddable":true,"href":"https:\/\/www.encontrapraiagrande.com.br\/noticias\/wp-json\/wp\/v2\/tags?post=1460"}],"curies":[{"name":"wp","href":"https:\/\/api.w.org\/{rel}","templated":true}]}}