{"id":1174,"date":"2012-12-04T00:31:21","date_gmt":"2012-12-04T02:31:21","guid":{"rendered":"http:\/\/www.encontrapraiagrande.com.br\/noticias\/?p=1174"},"modified":"2013-08-14T13:05:35","modified_gmt":"2013-08-14T15:05:35","slug":"trabalhadores-da-pg-e-baixada-sao-beneficiados-com-frente-de-trabalho","status":"publish","type":"post","link":"https:\/\/www.encontrapraiagrande.com.br\/noticias\/trabalhadores-da-pg-e-baixada-sao-beneficiados-com-frente-de-trabalho\/","title":{"rendered":"Trabalhadores da PG e baixada s\u00e3o beneficiados com Frente de Trabalho"},"content":{"rendered":"<p>A Secretaria Estadual do Emprego e Rela\u00e7\u00f5es do Trabalho (SERT) implantou na \u00faltima quinta-feira, dia 29, um total de 232 bolsas da Frente de Trabalho do Programa Emergencial de Aux\u00edlio Desemprego (PEAD), para os moradores de Praia Grande. O projeto j\u00e1 beneficiou mais de 450 mil pessoas em todo o Estado.<\/p>\n<p>A principio seriam disponibilizadas \u00e0 Cidade, 120 vagas, mas pela grande demanda de inscritos e empenho da Diretoria Regional do Litoral da Secretaria Estadual, mais vagas foram disponibilizadas.<\/p>\n<p>O evento contou com a presen\u00e7a do secret\u00e1rio estadual de Emprego, Carlos Andreu Ortiz, que destacou a import\u00e2ncia da Frente de Trabalho para o Munic\u00edpio e falou nas mudan\u00e7as que est\u00e3o previstas para acontecer dentro do projeto no pr\u00f3ximo ano. \u201cO mais importante do programa \u00e9 a chance de requalifica\u00e7\u00e3o a essas pessoas que j\u00e1 est\u00e3o h\u00e1 mais de um ano longe do mercado de trabalho.\u201d<\/p>\n<p>Ortiz destacou ainda, o desempenho da Secret\u00e1ria Municipal (Seret). \u201cA Secretaria de Rela\u00e7\u00f5es de Trabalho da Praia Grande tem feito um trabalho muito forte. Precisamos fortalecer as comiss\u00f5es de emprego, que a partir da\u00ed sabemos as necessidades dos trabalhadores. N\u00e3o queremos qualificar por qualificar.\u201d<\/p>\n<p>O secret\u00e1rio municipal de Emprego e Rela\u00e7\u00f5es do Trabalho, Get\u00falio Matos tamb\u00e9m participou da cerim\u00f4nia. Matos se emocionou ao falar das possibilidades que os trabalhadores ter\u00e3o com o aux\u00edlio do programa. \u201cA Frente de Trabalho atende uma gama de pessoas que n\u00e3o tem oportunidade. Quando conseguimos um programa como esse e podemos mostrar para essas pessoas que existe luz no fim do t\u00fanel, a import\u00e2ncia n\u00e3o \u00e9 medida em n\u00fameros, mas sim na transforma\u00e7\u00e3o da vida dessas pessoas.\u201d<\/p>\n<p>Para Fab\u00edola Jesus Silva, de 23 anos, que nunca trabalhou com registro em carteira, o projeto veio na hora certa, pois possui tr\u00eas filhos pequenos. \u201cEst\u00e1 dif\u00edcil conseguir emprego. S\u00f3 consegui trabalho durante a temporada.\u201d<\/p>\n<p>O programa tem dura\u00e7\u00e3o de 9 meses e 150 horas de qualifica\u00e7\u00e3o. Os selecionados receber\u00e3o uma bolsa-aux\u00edlio de R$ 210,00, cr\u00e9dito para a compra de alimentos no valor de R$ 86,00 e seguro de acidentes pessoais.<\/p>\n<p>Os selecionados dever\u00e3o auxiliar o poder p\u00fablico em servi\u00e7os de interesse da comunidade, ou seja, servi\u00e7os gerais. Os servi\u00e7os tem carga hor\u00e1ria di\u00e1ria de seis horas, por quatro dias na semana. No quinto dia, ser\u00e1 aplicado um curso de qualifica\u00e7\u00e3o de frequ\u00eancia obrigat\u00f3ria.<\/p>\n<p>&nbsp;<\/p>\n<p><em>Fonte: A Gazeta do Litoral<\/em><\/p>\n","protected":false},"excerpt":{"rendered":"<p>A Secretaria Estadual do Emprego e Rela\u00e7\u00f5es do Trabalho (SERT) implantou na \u00faltima quinta-feira, dia 29, um total de 232 bolsas da Frente de Trabalho do Programa Emergencial de Aux\u00edlio Desemprego (PEAD), para os moradores de Praia Grande. O projeto j\u00e1 beneficiou mais de 450 mil pessoas em todo o Estado. A principio seriam disponibilizadas [&hellip;]<\/p>\n","protected":false},"author":1,"featured_media":0,"comment_status":"open","ping_status":"open","sticky":false,"template":"","format":"standard","meta":{"footnotes":""},"categories":[4],"tags":[14],"class_list":["post-1174","post","type-post","status-publish","format-standard","hentry","category-empregos","tag-praia-grande"],"aioseo_notices":[],"_links":{"self":[{"href":"https:\/\/www.encontrapraiagrande.com.br\/noticias\/wp-json\/wp\/v2\/posts\/1174","targetHints":{"allow":["GET"]}}],"collection":[{"href":"https:\/\/www.encontrapraiagrande.com.br\/noticias\/wp-json\/wp\/v2\/posts"}],"about":[{"href":"https:\/\/www.encontrapraiagrande.com.br\/noticias\/wp-json\/wp\/v2\/types\/post"}],"author":[{"embeddable":true,"href":"https:\/\/www.encontrapraiagrande.com.br\/noticias\/wp-json\/wp\/v2\/users\/1"}],"replies":[{"embeddable":true,"href":"https:\/\/www.encontrapraiagrande.com.br\/noticias\/wp-json\/wp\/v2\/comments?post=1174"}],"version-history":[{"count":3,"href":"https:\/\/www.encontrapraiagrande.com.br\/noticias\/wp-json\/wp\/v2\/posts\/1174\/revisions"}],"predecessor-version":[{"id":1176,"href":"https:\/\/www.encontrapraiagrande.com.br\/noticias\/wp-json\/wp\/v2\/posts\/1174\/revisions\/1176"}],"wp:attachment":[{"href":"https:\/\/www.encontrapraiagrande.com.br\/noticias\/wp-json\/wp\/v2\/media?parent=1174"}],"wp:term":[{"taxonomy":"category","embeddable":true,"href":"https:\/\/www.encontrapraiagrande.com.br\/noticias\/wp-json\/wp\/v2\/categories?post=1174"},{"taxonomy":"post_tag","embeddable":true,"href":"https:\/\/www.encontrapraiagrande.com.br\/noticias\/wp-json\/wp\/v2\/tags?post=1174"}],"curies":[{"name":"wp","href":"https:\/\/api.w.org\/{rel}","templated":true}]}}