{"id":1111,"date":"2012-10-15T00:38:24","date_gmt":"2012-10-15T02:38:24","guid":{"rendered":"http:\/\/www.encontrapraiagrande.com.br\/noticias\/?p=1111"},"modified":"2013-08-14T13:06:05","modified_gmt":"2013-08-14T15:06:05","slug":"porto-do-saber-de-praia-grande-realiza-contacao-de-historias-no-dia-17","status":"publish","type":"post","link":"https:\/\/www.encontrapraiagrande.com.br\/noticias\/porto-do-saber-de-praia-grande-realiza-contacao-de-historias-no-dia-17\/","title":{"rendered":"Porto do Saber de Praia Grande realiza conta\u00e7\u00e3o de hist\u00f3rias no dia 17"},"content":{"rendered":"<p>Ainda d\u00e1 tempo de se inscrever para participar do evento que acontecer\u00e1 na biblioteca Porto do Saber na pr\u00f3xima quarta-feira, dia 17. Entre os destaques da programa\u00e7\u00e3o especial, haver\u00e1 a palestra do escritor de origem ind\u00edgena Caiap\u00f3, Kak\u00e1 Wer\u00e1, que abordar\u00e1 o tema da cultura ind\u00edgena.<\/p>\n<p>Durante todo o dia, o grupo Manu\u00ed, composto pela contadora de hist\u00f3rias Tatiana Zalla e pelo compositor e m\u00fasico Leandro Pfeifer, desenvolver\u00e1 diversas atividades como narra\u00e7\u00e3o de hist\u00f3rias, palestra, oficina cultural e lan\u00e7amento do CD\u00a0<em>Nhemonguat\u00e1<\/em>, que em tupi guarani quer dizer \u201ctirar as hist\u00f3rias que vem de dentro\u201d.<\/p>\n<p>O evento contar\u00e1 tamb\u00e9m com a presen\u00e7a do violeiro Domingos de Salvi. A programa\u00e7\u00e3o ocorrer\u00e1 das 9h\u00e0s 19h. Todas as apresenta\u00e7\u00f5es s\u00e3o gratuitas e abertas ao p\u00fablico.<\/p>\n<p>O grupo Manu\u00ed divulgar\u00e1 tamb\u00e9m, durante o evento, o lan\u00e7amento do site manui.art.br, que disponibilizar\u00e1 as hist\u00f3rias, m\u00fasicas, jogos ind\u00edgenas, agenda e demais trabalhos realizados.<\/p>\n<p>As inscri\u00e7\u00f5es devem ser feitas pelo telefone 3496-5358. A biblioteca <a href=\"http:\/\/www.encontrapraiagrande.com.br\/praia-grande\/porto-do-saber-na-praia-grande.shtml\" target=\"_blank\">Porto do Saber<\/a> fica na avenida S\u00e3o Paulo, n\u00ba 900, no bairro Boqueir\u00e3o.<\/p>\n<p><em>Fonte: Gazeta do Litoral<\/em><\/p>\n","protected":false},"excerpt":{"rendered":"<p>Ainda d\u00e1 tempo de se inscrever para participar do evento que acontecer\u00e1 na biblioteca Porto do Saber na pr\u00f3xima quarta-feira, dia 17. Entre os destaques da programa\u00e7\u00e3o especial, haver\u00e1 a palestra do escritor de origem ind\u00edgena Caiap\u00f3, Kak\u00e1 Wer\u00e1, que abordar\u00e1 o tema da cultura ind\u00edgena. Durante todo o dia, o grupo Manu\u00ed, composto pela [&hellip;]<\/p>\n","protected":false},"author":1,"featured_media":0,"comment_status":"open","ping_status":"open","sticky":false,"template":"","format":"standard","meta":{"footnotes":""},"categories":[5],"tags":[14],"class_list":["post-1111","post","type-post","status-publish","format-standard","hentry","category-eventos","tag-praia-grande"],"aioseo_notices":[],"_links":{"self":[{"href":"https:\/\/www.encontrapraiagrande.com.br\/noticias\/wp-json\/wp\/v2\/posts\/1111","targetHints":{"allow":["GET"]}}],"collection":[{"href":"https:\/\/www.encontrapraiagrande.com.br\/noticias\/wp-json\/wp\/v2\/posts"}],"about":[{"href":"https:\/\/www.encontrapraiagrande.com.br\/noticias\/wp-json\/wp\/v2\/types\/post"}],"author":[{"embeddable":true,"href":"https:\/\/www.encontrapraiagrande.com.br\/noticias\/wp-json\/wp\/v2\/users\/1"}],"replies":[{"embeddable":true,"href":"https:\/\/www.encontrapraiagrande.com.br\/noticias\/wp-json\/wp\/v2\/comments?post=1111"}],"version-history":[{"count":4,"href":"https:\/\/www.encontrapraiagrande.com.br\/noticias\/wp-json\/wp\/v2\/posts\/1111\/revisions"}],"predecessor-version":[{"id":2727,"href":"https:\/\/www.encontrapraiagrande.com.br\/noticias\/wp-json\/wp\/v2\/posts\/1111\/revisions\/2727"}],"wp:attachment":[{"href":"https:\/\/www.encontrapraiagrande.com.br\/noticias\/wp-json\/wp\/v2\/media?parent=1111"}],"wp:term":[{"taxonomy":"category","embeddable":true,"href":"https:\/\/www.encontrapraiagrande.com.br\/noticias\/wp-json\/wp\/v2\/categories?post=1111"},{"taxonomy":"post_tag","embeddable":true,"href":"https:\/\/www.encontrapraiagrande.com.br\/noticias\/wp-json\/wp\/v2\/tags?post=1111"}],"curies":[{"name":"wp","href":"https:\/\/api.w.org\/{rel}","templated":true}]}}